{"id":22229,"date":"2025-08-19T12:16:57","date_gmt":"2025-08-19T15:16:57","guid":{"rendered":"https:\/\/dgospel.com.br\/portal\/?p=22229"},"modified":"2025-08-19T12:16:59","modified_gmt":"2025-08-19T15:16:59","slug":"eua-dizem-que-moraes-e-toxico-e-alertam-empresas-sobre-sancoes","status":"publish","type":"post","link":"https:\/\/dgospel.com.br\/portal\/index.php\/2025\/08\/19\/eua-dizem-que-moraes-e-toxico-e-alertam-empresas-sobre-sancoes\/","title":{"rendered":"EUA dizem que Moraes \u00e9 t\u00f3xico e alertam empresas sobre san\u00e7\u00f5es"},"content":{"rendered":"\n<p>A Embaixada dos Estados Unidos no Brasil declarou, nesta segunda-feira (18), que o ministro Alexandre de Moraes, do Supremo Tribunal Federal (STF), representa risco para empresas e pessoas que queiram fazer neg\u00f3cios com os EUA.<\/p>\n\n\n\n<p>O comunicado destacou que \u201cnenhum tribunal estrangeiro pode anular as san\u00e7\u00f5es impostas pelos EUA ou proteger algu\u00e9m das severas consequ\u00eancias de descumpri-las\u201d.<\/p>\n\n\n\n<p>Segundo a nota, \u201cpessoas e entidades sob jurisdi\u00e7\u00e3o dos EUA est\u00e3o proibidas de manter qualquer rela\u00e7\u00e3o comercial com ele\u201d.<\/p>\n\n\n\n<p>A embaixada ainda alertou que, fora dessa jurisdi\u00e7\u00e3o, \u201cquem oferecer apoio material a violadores de direitos humanos tamb\u00e9m pode ser alvo de san\u00e7\u00f5es\u201d.<\/p>\n\n\n\n<p>\u2013 Alexandre de Moraes \u00e9 t\u00f3xico para todas as empresas leg\u00edtimas e indiv\u00edduos que buscam acesso aos Estados Unidos e seus mercados \u2013 acrescentou o texto.<\/p>\n\n\n\n<p>A declara\u00e7\u00e3o foi publicada em portugu\u00eas nas redes sociais da embaixada, como tradu\u00e7\u00e3o de um tu\u00edte do Escrit\u00f3rio de Assuntos do Hemisf\u00e9rio Ocidental, \u00f3rg\u00e3o ligado ao governo dos Estados Unidos.<\/p>\n\n\n\n<figure class=\"wp-block-image\"><img src=\"https:\/\/static.cdn.pleno.news\/2025\/08\/Captura-de-tela-2025-08-18-194303.png\" alt=\"\" class=\"wp-image-1552818\"\/><\/figure>\n","protected":false},"excerpt":{"rendered":"<p>A Embaixada dos Estados Unidos no Brasil declarou, nesta segunda-feira (18), que o ministro Alexandre de Moraes, do Supremo Tribunal Federal (STF), representa risco para empresas e pessoas que queiram fazer neg\u00f3cios com os EUA. O comunicado destacou que \u201cnenhum tribunal estrangeiro pode anular as san\u00e7\u00f5es impostas pelos EUA ou proteger algu\u00e9m das severas consequ\u00eancias [&hellip;]<\/p>\n","protected":false},"author":2,"featured_media":22230,"comment_status":"open","ping_status":"open","sticky":false,"template":"","format":"standard","meta":[],"categories":[12,10],"tags":[],"_links":{"self":[{"href":"https:\/\/dgospel.com.br\/portal\/index.php\/wp-json\/wp\/v2\/posts\/22229"}],"collection":[{"href":"https:\/\/dgospel.com.br\/portal\/index.php\/wp-json\/wp\/v2\/posts"}],"about":[{"href":"https:\/\/dgospel.com.br\/portal\/index.php\/wp-json\/wp\/v2\/types\/post"}],"author":[{"embeddable":true,"href":"https:\/\/dgospel.com.br\/portal\/index.php\/wp-json\/wp\/v2\/users\/2"}],"replies":[{"embeddable":true,"href":"https:\/\/dgospel.com.br\/portal\/index.php\/wp-json\/wp\/v2\/comments?post=22229"}],"version-history":[{"count":1,"href":"https:\/\/dgospel.com.br\/portal\/index.php\/wp-json\/wp\/v2\/posts\/22229\/revisions"}],"predecessor-version":[{"id":22231,"href":"https:\/\/dgospel.com.br\/portal\/index.php\/wp-json\/wp\/v2\/posts\/22229\/revisions\/22231"}],"wp:featuredmedia":[{"embeddable":true,"href":"https:\/\/dgospel.com.br\/portal\/index.php\/wp-json\/wp\/v2\/media\/22230"}],"wp:attachment":[{"href":"https:\/\/dgospel.com.br\/portal\/index.php\/wp-json\/wp\/v2\/media?parent=22229"}],"wp:term":[{"taxonomy":"category","embeddable":true,"href":"https:\/\/dgospel.com.br\/portal\/index.php\/wp-json\/wp\/v2\/categories?post=22229"},{"taxonomy":"post_tag","embeddable":true,"href":"https:\/\/dgospel.com.br\/portal\/index.php\/wp-json\/wp\/v2\/tags?post=22229"}],"curies":[{"name":"wp","href":"https:\/\/api.w.org\/{rel}","templated":true}]}}