{"id":22232,"date":"2025-08-19T23:20:36","date_gmt":"2025-08-20T02:20:36","guid":{"rendered":"https:\/\/dgospel.com.br\/portal\/?p=22232"},"modified":"2025-08-19T23:20:37","modified_gmt":"2025-08-20T02:20:37","slug":"deputado-gipao-participa-de-reuniao-que-decide-redefinir-zoneamento-ecologico-economico","status":"publish","type":"post","link":"https:\/\/dgospel.com.br\/portal\/index.php\/2025\/08\/19\/deputado-gipao-participa-de-reuniao-que-decide-redefinir-zoneamento-ecologico-economico\/","title":{"rendered":"Deputado Gip\u00e3o participa de reuni\u00e3o que decide redefinir Zoneamento Ecol\u00f3gico-Econ\u00f4mico"},"content":{"rendered":"\n<p>O deputado estadual Gip\u00e3o participou, nesta segunda-feira (18), da reuni\u00e3o realizada na Assembleia Legislativa do Tocantins (Aleto), que resultou na retirada do Projeto de Lei n\u00ba 5\/2025, que institui o Zoneamento Ecol\u00f3gico-Econ\u00f4mico do Tocantins (ZEE-TO).<\/p>\n\n\n\n<p>O encontro contou com a presen\u00e7a do governador Wanderlei Barbosa, do presidente da Aleto, Am\u00e9lio Cayres, al\u00e9m de representantes do setor produtivo rural e de entidades ligadas \u00e0 agropecu\u00e1ria.<\/p>\n\n\n\n<p>Ao anunciar a decis\u00e3o, Barbosa destacou que a retirada do projeto tem como objetivo ampliar o di\u00e1logo com a sociedade civil e construir uma nova proposta.<\/p>\n\n\n\n<p>\u201cEsse projeto foi retirado para avalia\u00e7\u00e3o. Ele ser\u00e1 reconstru\u00eddo de maneira que n\u00e3o iniba a produ\u00e7\u00e3o, permitindo que o setor produtivo continue a crescer. Recebemos diversas entidades ligadas ao agroneg\u00f3cio, \u00e0 pecu\u00e1ria e \u00e0 produ\u00e7\u00e3o de gr\u00e3os. N\u00e3o queremos que o nosso estado perca a capacidade de produzir, de crescer e de gerar oportunidades de emprego. Por isso, realizaremos um reestudo e, futuramente, o projeto ser\u00e1 reapresentado\u201d, afirmou.<\/p>\n\n\n\n<figure class=\"wp-block-image size-large\"><img loading=\"lazy\" width=\"1024\" height=\"672\" src=\"http:\/\/dgospel.com.br\/portal\/wp-content\/uploads\/2025\/08\/00-8-1024x672.jpg\" alt=\"\" class=\"wp-image-22234\" srcset=\"https:\/\/dgospel.com.br\/portal\/wp-content\/uploads\/2025\/08\/00-8-1024x672.jpg 1024w, https:\/\/dgospel.com.br\/portal\/wp-content\/uploads\/2025\/08\/00-8-300x197.jpg 300w, https:\/\/dgospel.com.br\/portal\/wp-content\/uploads\/2025\/08\/00-8-768x504.jpg 768w, https:\/\/dgospel.com.br\/portal\/wp-content\/uploads\/2025\/08\/00-8-120x78.jpg 120w, https:\/\/dgospel.com.br\/portal\/wp-content\/uploads\/2025\/08\/00-8.jpg 1469w\" sizes=\"(max-width: 1024px) 100vw, 1024px\" \/><\/figure>\n\n\n\n<p>Durante a reuni\u00e3o, Gip\u00e3o refor\u00e7ou seu compromisso em representar os interesses da popula\u00e7\u00e3o e acompanhar de perto as discuss\u00f5es sobre o tema. Para ele, o debate sobre o zoneamento deve buscar harmonia entre a produ\u00e7\u00e3o agropecu\u00e1ria, a preserva\u00e7\u00e3o ambiental e a seguran\u00e7a jur\u00eddica dos produtores rurais.<\/p>\n\n\n\n<p>\u201cO Tocantins precisa avan\u00e7ar garantindo o crescimento econ\u00f4mico e, ao mesmo tempo, preservando suas riquezas naturais. O di\u00e1logo aberto entre governo, Assembleia e sociedade civil \u00e9 fundamental para que tenhamos um projeto s\u00f3lido e equilibrado\u201d, pontuou o deputado.<\/p>\n\n\n\n<p>A decis\u00e3o foi bem recebida por entidades como a Federa\u00e7\u00e3o da Agricultura e Pecu\u00e1ria do Tocantins (Faet), que apresentou uma proposta de revis\u00e3o do zoneamento. O presidente da Faet, Paulo Carneiro, ressaltou que os produtores est\u00e3o dispostos a colaborar com o Governo e a Assembleia na constru\u00e7\u00e3o de um projeto mais justo e aplic\u00e1vel.<\/p>\n\n\n\n<p>Tamb\u00e9m participaram da reuni\u00e3o o deputado federal Alexandre Guimar\u00e3es (MDB), o secret\u00e1rio estadual de Agricultura e Pecu\u00e1ria, Jaime Caf\u00e9, o presidente do Instituto Natureza do Tocantins (Naturatins), Cledson Lima, al\u00e9m de representantes da Faet\/Senar, Sistema OCB\/TO, Fr\u00edsia, Aprosoja, Novilho Precoce e Sinobras Florestal.<\/p>\n\n\n\n<p>Com a retirada do projeto, o Governo do Estado dever\u00e1 apresentar uma nova vers\u00e3o do ZEE-TO, constru\u00edda de forma participativa e com maior seguran\u00e7a jur\u00eddica para o setor produtivo.<\/p>\n","protected":false},"excerpt":{"rendered":"<p>O deputado estadual Gip\u00e3o participou, nesta segunda-feira (18), da reuni\u00e3o realizada na Assembleia Legislativa do Tocantins (Aleto), que resultou na retirada do Projeto de Lei n\u00ba 5\/2025, que institui o Zoneamento Ecol\u00f3gico-Econ\u00f4mico do Tocantins (ZEE-TO). O encontro contou com a presen\u00e7a do governador Wanderlei Barbosa, do presidente da Aleto, Am\u00e9lio Cayres, al\u00e9m de representantes do [&hellip;]<\/p>\n","protected":false},"author":2,"featured_media":22233,"comment_status":"open","ping_status":"open","sticky":false,"template":"","format":"standard","meta":[],"categories":[8],"tags":[],"_links":{"self":[{"href":"https:\/\/dgospel.com.br\/portal\/index.php\/wp-json\/wp\/v2\/posts\/22232"}],"collection":[{"href":"https:\/\/dgospel.com.br\/portal\/index.php\/wp-json\/wp\/v2\/posts"}],"about":[{"href":"https:\/\/dgospel.com.br\/portal\/index.php\/wp-json\/wp\/v2\/types\/post"}],"author":[{"embeddable":true,"href":"https:\/\/dgospel.com.br\/portal\/index.php\/wp-json\/wp\/v2\/users\/2"}],"replies":[{"embeddable":true,"href":"https:\/\/dgospel.com.br\/portal\/index.php\/wp-json\/wp\/v2\/comments?post=22232"}],"version-history":[{"count":1,"href":"https:\/\/dgospel.com.br\/portal\/index.php\/wp-json\/wp\/v2\/posts\/22232\/revisions"}],"predecessor-version":[{"id":22235,"href":"https:\/\/dgospel.com.br\/portal\/index.php\/wp-json\/wp\/v2\/posts\/22232\/revisions\/22235"}],"wp:featuredmedia":[{"embeddable":true,"href":"https:\/\/dgospel.com.br\/portal\/index.php\/wp-json\/wp\/v2\/media\/22233"}],"wp:attachment":[{"href":"https:\/\/dgospel.com.br\/portal\/index.php\/wp-json\/wp\/v2\/media?parent=22232"}],"wp:term":[{"taxonomy":"category","embeddable":true,"href":"https:\/\/dgospel.com.br\/portal\/index.php\/wp-json\/wp\/v2\/categories?post=22232"},{"taxonomy":"post_tag","embeddable":true,"href":"https:\/\/dgospel.com.br\/portal\/index.php\/wp-json\/wp\/v2\/tags?post=22232"}],"curies":[{"name":"wp","href":"https:\/\/api.w.org\/{rel}","templated":true}]}}