{"id":22239,"date":"2025-08-26T16:45:32","date_gmt":"2025-08-26T19:45:32","guid":{"rendered":"https:\/\/dgospel.com.br\/portal\/?p=22239"},"modified":"2025-08-26T16:45:35","modified_gmt":"2025-08-26T19:45:35","slug":"israel-rebaixa-lacos-com-o-brasil-apos-o-governo-lula-rejeitar-novo-embaixador-israelense","status":"publish","type":"post","link":"https:\/\/dgospel.com.br\/portal\/index.php\/2025\/08\/26\/israel-rebaixa-lacos-com-o-brasil-apos-o-governo-lula-rejeitar-novo-embaixador-israelense\/","title":{"rendered":"Israel rebaixa la\u00e7os com o Brasil ap\u00f3s o governo Lula rejeitar novo embaixador israelense"},"content":{"rendered":"\n<p>O Minist\u00e9rio das Rela\u00e7\u00f5es Exteriores de Israel confirmou que os la\u00e7os diplom\u00e1ticos com o Brasil foram reduzidos a um \u201cn\u00edvel baixo\u201d, ap\u00f3s o\u00a0<strong><a href=\"https:\/\/guiame.com.br\/gospel\/israel\/brasil-anuncia-medidas-diplomaticas-e-juridicas-contra-israel-na-onu.html\">governo<\/a><\/strong> Lula rejeitar a nomea\u00e7\u00e3o de Gali Dagan como novo embaixador israelense, levando Israel a retirar oficialmente sua indica\u00e7\u00e3o.<\/p>\n\n\n\n<p>\u201cAp\u00f3s o Brasil, de forma incomum, ter deixado de responder ao pedido de agr\u00e9ment do embaixador Dagan, Israel retirou a solicita\u00e7\u00e3o, e as rela\u00e7\u00f5es entre os dois pa\u00edses passaram a ser conduzidas em um n\u00edvel diplom\u00e1tico inferior&#8221;, declarou o \u00f3rg\u00e3o diplom\u00e1tico israelense.<\/p>\n\n\n\n<p>O Minist\u00e9rio tamb\u00e9m destacou que a a \u201clinha cr\u00edtica e hostil que o Brasil tem demonstrado em rela\u00e7\u00e3o a Israel\u201d se agravou desde o in\u00edcio da guerra provocada pelo&nbsp;<strong><a href=\"https:\/\/guiame.com.br\/gospel\/israel\/dor-pelos-refens-esta-explicita-em-israel-diz-pastor-brasileiro-em-visita-ao-pais.html\">ataque terrorista do Hamas<\/a><\/strong>&nbsp;em 2023, sendo ainda mais \u201cintensificada\u201d pelas declara\u00e7\u00f5es feitas ao longo do conflito pelo presidente Luiz In\u00e1cio Lula da Silva.<\/p>\n\n\n\n<p>O ministro da Defesa, Israel Katz, usou a plataforma X (antigo Twitter) para criticar publicamente a postura do presidente brasileiro.<\/p>\n\n\n\n<p>\u201cComo Ministro da Defesa de Israel, afirmo: saberemos nos defender contra o eixo do mal do islamismo radical, mesmo sem a ajuda de Lula e seus aliados.\u201d<\/p>\n\n\n\n<p>https:\/\/x.com\/Israel_katz\/status\/1960288680553120074?ref_src=twsrc%5Etfw%7Ctwcamp%5Etweetembed%7Ctwterm%5E1960288680553120074%7Ctwgr%5Efbe5be273ff3c9adae26c6fca644d0fae8f43293%7Ctwcon%5Es1_&#038;ref_url=https%3A%2F%2Fguiame.com.br%2Fgospel%2Fisrael%2Fisrael-rebaixa-lacos-com-o-brasil-apos-pais-rejeitar-novo-embaixador-israelense.html<\/p>\n\n\n\n<p>\u201cVergonha para o maravilhoso povo brasileiro e para os muitos amigos de Israel no Brasil que este seja o seu presidente. Dias melhores ainda vir\u00e3o para a rela\u00e7\u00e3o entre nossos pa\u00edses.\u201d<\/p>\n\n\n\n<p><strong>Decl\u00ednio da rela\u00e7\u00e3o Brasil-Israel<\/strong><\/p>\n\n\n\n<p>Lula foi declarado \u201cpersona non grata\u201d por Israel ap\u00f3s acusar o pa\u00eds de cometer genoc\u00eddio em Gaza, utilizando refer\u00eancias ao Holocausto para sustentar sua afirma\u00e7\u00e3o.<\/p>\n\n\n\n<p>Na \u00e9poca, o primeiro-ministro israelense Benjamin Netanyahu criticou os coment\u00e1rios de Lula como &#8220;vergonhosos&#8230; Isso \u00e9 uma forma de banalizar o Holocausto e tentar prejudicar o povo judeu e o direito de Israel de se defender&#8221;.<\/p>\n\n\n\n<p>O Brasil tamb\u00e9m&nbsp;<strong><a href=\"https:\/\/guiame.com.br\/gospel\/noticias\/brasil-adere-acao-na-corte-internacional-contra-israel-por-genocidio-em-gaza.html\">se uniu \u00e0 \u00c1frica do Sul<\/a><\/strong>&nbsp;no processo movido contra Israel na Corte Internacional de Justi\u00e7a, em Haia, refor\u00e7ando as acusa\u00e7\u00f5es de genoc\u00eddio feitas pelo presidente Lula.<\/p>\n\n\n\n<p>Em julho, o Brasil anunciou sua sa\u00edda da&nbsp;<strong><a href=\"https:\/\/guiame.com.br\/gospel\/israel\/governo-retira-brasil-de-alianca-em-memoria-do-holocausto-e-agrava-crise-com-israel.html\">Alian\u00e7a Internacional para a Mem\u00f3ria do Holocausto<\/a><\/strong>, organiza\u00e7\u00e3o da qual era membro observador desde 2021.<\/p>\n\n\n\n<p>Como membro do BRICS, o Brasil mant\u00e9m rela\u00e7\u00f5es diplom\u00e1ticas com o Ir\u00e3, apesar dos ataques promovidos pelo regime iraniano contra o Estado de Israel, incluindo a\u00e7\u00f5es contra civis, e de seu extenso hist\u00f3rico de viola\u00e7\u00f5es dos direitos humanos.<\/p>\n\n\n\n<p>Desde que retirou seu \u00faltimo embaixador no ano passado, o Brasil permanece sem representa\u00e7\u00e3o diplom\u00e1tica em Israel.<\/p>\n\n\n\n<p>Em contrapartida, o Parlamento brasileiro aprofundou, em dezembro de 2024, seus la\u00e7os legislativos com Israel, em uma rea\u00e7\u00e3o direta \u00e0 pol\u00edtica externa do presidente do Brasil.<\/p>\n","protected":false},"excerpt":{"rendered":"<p>O Minist\u00e9rio das Rela\u00e7\u00f5es Exteriores de Israel confirmou que os la\u00e7os diplom\u00e1ticos com o Brasil foram reduzidos a um \u201cn\u00edvel baixo\u201d, ap\u00f3s o\u00a0governo Lula rejeitar a nomea\u00e7\u00e3o de Gali Dagan como novo embaixador israelense, levando Israel a retirar oficialmente sua indica\u00e7\u00e3o. \u201cAp\u00f3s o Brasil, de forma incomum, ter deixado de responder ao pedido de agr\u00e9ment [&hellip;]<\/p>\n","protected":false},"author":2,"featured_media":22240,"comment_status":"open","ping_status":"open","sticky":false,"template":"","format":"standard","meta":[],"categories":[16],"tags":[13],"_links":{"self":[{"href":"https:\/\/dgospel.com.br\/portal\/index.php\/wp-json\/wp\/v2\/posts\/22239"}],"collection":[{"href":"https:\/\/dgospel.com.br\/portal\/index.php\/wp-json\/wp\/v2\/posts"}],"about":[{"href":"https:\/\/dgospel.com.br\/portal\/index.php\/wp-json\/wp\/v2\/types\/post"}],"author":[{"embeddable":true,"href":"https:\/\/dgospel.com.br\/portal\/index.php\/wp-json\/wp\/v2\/users\/2"}],"replies":[{"embeddable":true,"href":"https:\/\/dgospel.com.br\/portal\/index.php\/wp-json\/wp\/v2\/comments?post=22239"}],"version-history":[{"count":1,"href":"https:\/\/dgospel.com.br\/portal\/index.php\/wp-json\/wp\/v2\/posts\/22239\/revisions"}],"predecessor-version":[{"id":22241,"href":"https:\/\/dgospel.com.br\/portal\/index.php\/wp-json\/wp\/v2\/posts\/22239\/revisions\/22241"}],"wp:featuredmedia":[{"embeddable":true,"href":"https:\/\/dgospel.com.br\/portal\/index.php\/wp-json\/wp\/v2\/media\/22240"}],"wp:attachment":[{"href":"https:\/\/dgospel.com.br\/portal\/index.php\/wp-json\/wp\/v2\/media?parent=22239"}],"wp:term":[{"taxonomy":"category","embeddable":true,"href":"https:\/\/dgospel.com.br\/portal\/index.php\/wp-json\/wp\/v2\/categories?post=22239"},{"taxonomy":"post_tag","embeddable":true,"href":"https:\/\/dgospel.com.br\/portal\/index.php\/wp-json\/wp\/v2\/tags?post=22239"}],"curies":[{"name":"wp","href":"https:\/\/api.w.org\/{rel}","templated":true}]}}