{"id":22248,"date":"2025-08-27T12:14:34","date_gmt":"2025-08-27T15:14:34","guid":{"rendered":"https:\/\/dgospel.com.br\/portal\/?p=22248"},"modified":"2025-08-27T12:14:35","modified_gmt":"2025-08-27T15:14:35","slug":"ccj-da-camara-municipal-de-palmas-rejeita-concessao-de-titulo-de-cidadao-palmense-a-lula","status":"publish","type":"post","link":"https:\/\/dgospel.com.br\/portal\/index.php\/2025\/08\/27\/ccj-da-camara-municipal-de-palmas-rejeita-concessao-de-titulo-de-cidadao-palmense-a-lula\/","title":{"rendered":"CCJ da C\u00e2mara Municipal de Palmas rejeita concess\u00e3o de t\u00edtulo de cidad\u00e3o palmense a Lula"},"content":{"rendered":"\n<p>A Comiss\u00e3o de Constitui\u00e7\u00e3o, Justi\u00e7a e Reda\u00e7\u00e3o (CCJR) da C\u00e2mara de Palmas rejeitou a concess\u00e3o do t\u00edtulo de cidad\u00e3o palmense ao presidente Luiz In\u00e1cio Lula da Silva. Durante a discuss\u00e3o, o presidente da CCJR, vereador Juarez Rigol (PL), justificou o voto contr\u00e1rio. \u201cEsse cidad\u00e3o (Lula) faz um desservi\u00e7o pro pa\u00eds, porque basta pegar os \u00edndices e ver como est\u00e3o hoje. Com todo respeito, eu tenho at\u00e9 constrangimento, pra n\u00e3o dizer vergonha, de votar uma mat\u00e9ria desse teor. Em hip\u00f3tese alguma eu concederia um t\u00edtulo pra algu\u00e9m que est\u00e1 fazendo um desservi\u00e7o pra um pa\u00eds e aqui pra Palmas, pois as obras que ele fez aqui, nada mais \u00e9 que social\u201d, afirmou.<\/p>\n\n\n\n<p>A proposta \u00e9 de autoria do Coletivo SOMOS. A porta-voz do Coletivo, Thamires Lima, defendeu a homenagem e rebateu as cr\u00edticas. \u201cO t\u00edtulo reconhece trajet\u00f3rias com efeitos concretos na vida da popula\u00e7\u00e3o. Em Palmas e no Tocantins, pol\u00edticas federais lideradas por Lula deixaram e deixam legados em educa\u00e7\u00e3o, moradia, infraestrutura e inclus\u00e3o energ\u00e9tica. Discord\u00e2ncias pol\u00edticas s\u00e3o leg\u00edtimas, mas n\u00e3o podem apagar resultados mensur\u00e1veis para fam\u00edlias e munic\u00edpios\u201d, disse.<\/p>\n\n\n\n<p>O vereador Juarez Rigol, declarou, \u201cMeu compromisso, como vereador, \u00e9 com Palmas e com os palmenses. O momento que vivemos em nossa capital exige que a nossa energia e nosso trabalho se concentrem nos avan\u00e7os que a cidade precisa e que t\u00eam se concretizado com a nova gest\u00e3o\u201d.<\/p>\n\n\n\n<p>Rigol disse tamb\u00e9m, que a sua fun\u00e7\u00e3o \u00e9 pautar e aprovar projetos de real relev\u00e2ncia para a nossa comunidade.<\/p>\n\n\n\n<p>\u201cN\u00e3o devemos debater honrarias em prol de algu\u00e9m que o que fez em nossa regi\u00e3o foi apenas o encargo de seu cargo de presidente. Um t\u00edtulo de Cidad\u00e3o Palmense n\u00e3o deve ser dado a algu\u00e9m que, segundo meu ponto de vista, &#8220;faz um desservi\u00e7o para o Brasil e tamb\u00e9m para Palmas.<\/p>\n\n\n\n<p>Meu voto e minha voz ser\u00e3o sempre a favor do que \u00e9 melhor para Palmas\u201d, explicou.<\/p>\n","protected":false},"excerpt":{"rendered":"<p>A Comiss\u00e3o de Constitui\u00e7\u00e3o, Justi\u00e7a e Reda\u00e7\u00e3o (CCJR) da C\u00e2mara de Palmas rejeitou a concess\u00e3o do t\u00edtulo de cidad\u00e3o palmense ao presidente Luiz In\u00e1cio Lula da Silva. Durante a discuss\u00e3o, o presidente da CCJR, vereador Juarez Rigol (PL), justificou o voto contr\u00e1rio. \u201cEsse cidad\u00e3o (Lula) faz um desservi\u00e7o pro pa\u00eds, porque basta pegar os \u00edndices [&hellip;]<\/p>\n","protected":false},"author":2,"featured_media":22249,"comment_status":"open","ping_status":"open","sticky":false,"template":"","format":"standard","meta":[],"categories":[8],"tags":[],"_links":{"self":[{"href":"https:\/\/dgospel.com.br\/portal\/index.php\/wp-json\/wp\/v2\/posts\/22248"}],"collection":[{"href":"https:\/\/dgospel.com.br\/portal\/index.php\/wp-json\/wp\/v2\/posts"}],"about":[{"href":"https:\/\/dgospel.com.br\/portal\/index.php\/wp-json\/wp\/v2\/types\/post"}],"author":[{"embeddable":true,"href":"https:\/\/dgospel.com.br\/portal\/index.php\/wp-json\/wp\/v2\/users\/2"}],"replies":[{"embeddable":true,"href":"https:\/\/dgospel.com.br\/portal\/index.php\/wp-json\/wp\/v2\/comments?post=22248"}],"version-history":[{"count":1,"href":"https:\/\/dgospel.com.br\/portal\/index.php\/wp-json\/wp\/v2\/posts\/22248\/revisions"}],"predecessor-version":[{"id":22250,"href":"https:\/\/dgospel.com.br\/portal\/index.php\/wp-json\/wp\/v2\/posts\/22248\/revisions\/22250"}],"wp:featuredmedia":[{"embeddable":true,"href":"https:\/\/dgospel.com.br\/portal\/index.php\/wp-json\/wp\/v2\/media\/22249"}],"wp:attachment":[{"href":"https:\/\/dgospel.com.br\/portal\/index.php\/wp-json\/wp\/v2\/media?parent=22248"}],"wp:term":[{"taxonomy":"category","embeddable":true,"href":"https:\/\/dgospel.com.br\/portal\/index.php\/wp-json\/wp\/v2\/categories?post=22248"},{"taxonomy":"post_tag","embeddable":true,"href":"https:\/\/dgospel.com.br\/portal\/index.php\/wp-json\/wp\/v2\/tags?post=22248"}],"curies":[{"name":"wp","href":"https:\/\/api.w.org\/{rel}","templated":true}]}}