{"id":22251,"date":"2025-08-28T13:04:37","date_gmt":"2025-08-28T16:04:37","guid":{"rendered":"https:\/\/dgospel.com.br\/portal\/?p=22251"},"modified":"2025-08-28T13:04:37","modified_gmt":"2025-08-28T16:04:37","slug":"deputado-gipao-participa-de-assinatura-de-obras-historicas-para-a-infraestrutura-do-tocantins","status":"publish","type":"post","link":"https:\/\/dgospel.com.br\/portal\/index.php\/2025\/08\/28\/deputado-gipao-participa-de-assinatura-de-obras-historicas-para-a-infraestrutura-do-tocantins\/","title":{"rendered":"Deputado Gip\u00e3o participa de assinatura de obras hist\u00f3ricas para a infraestrutura do Tocantins"},"content":{"rendered":"\n<p>O deputado estadual Gip\u00e3o (PL) participou, na manh\u00e3 desta quarta-feira (27), no Pal\u00e1cio Araguaia Governador Jos\u00e9 Wilson Siqueira Campos, da solenidade de assinatura de importantes obras que marcam um novo ciclo de investimentos na infraestrutura do Tocantins.<\/p>\n\n\n\n<p>O evento contou com a presen\u00e7a do governador Wanderlei Barbosa, do presidente da Assembleia Legislativa, deputado Am\u00e9lio Cayres, do diretor-geral do Departamento Nacional de Infraestrutura de Transportes (Dnit), Fabr\u00edcio Galv\u00e3o, al\u00e9m de deputados federais e estaduais.<\/p>\n\n\n\n<p>Na ocasi\u00e3o, foi assinado o termo que oficializa a federaliza\u00e7\u00e3o da TO-050, no trecho que liga Silvan\u00f3polis a Palmas, passando por Porto Nacional. Com a mudan\u00e7a, a via passa a ser de responsabilidade do Governo Federal e integrar\u00e1 a BR-010, garantindo maior seguran\u00e7a, manuten\u00e7\u00e3o adequada e investimentos em uma das principais rotas do estado.<\/p>\n\n\n\n<p>Tamb\u00e9m foram assinadas a Ordem de Servi\u00e7o para duplica\u00e7\u00e3o da rodovia entre Palmas e Porto Nacional \u2013 considerada uma das obras mais aguardadas pelos tocantinenses \u2013 e a Ordem de Servi\u00e7o para a constru\u00e7\u00e3o da ponte sobre o Rio Aldeia Grande, entre Itacaj\u00e1 e Goiatins, al\u00e9m do contrato para elabora\u00e7\u00e3o do projeto da BR-235\/TO, que ligar\u00e1 a divisa com o Maranh\u00e3o at\u00e9 Pedro Afonso.<\/p>\n\n\n\n<p>O deputado Gip\u00e3o destacou a relev\u00e2ncia hist\u00f3rica do momento e reafirmou seu compromisso com a pauta da infraestrutura:<\/p>\n\n\n\n<p>&#8220;O Tocantins vive hoje um marco hist\u00f3rico. A federaliza\u00e7\u00e3o da TO-050, a duplica\u00e7\u00e3o do trecho de Palmas a Porto e as demais obras assinadas hoje n\u00e3o s\u00e3o apenas asfaltos ou pontes, s\u00e3o caminhos para o progresso, para a gera\u00e7\u00e3o de empregos e para o fortalecimento da nossa economia. Desde o in\u00edcio do meu mandato defendo que estrada boa \u00e9 sin\u00f4nimo de desenvolvimento. Por isso, parabenizo o governador Wanderlei Barbosa por ter a coragem e a vis\u00e3o de colocar a infraestrutura como prioridade. Seguiremos juntos, colaborando, acompanhando para garantir que cada obra saia do papel e se transforme em realidade para o povo tocantinense\u201d, afirmou o parlamentar.<\/p>\n\n\n\n<p>Com atua\u00e7\u00e3o proativa, Gip\u00e3o tem sido uma das vozes na Assembleia Legislativa em defesa de investimentos estrat\u00e9gicos para o setor, entendendo que rodovias de qualidade s\u00e3o fundamentais para o crescimento econ\u00f4mico, escoamento da produ\u00e7\u00e3o e qualidade de vida das fam\u00edlias tocantinenses.<\/p>\n","protected":false},"excerpt":{"rendered":"<p>O deputado estadual Gip\u00e3o (PL) participou, na manh\u00e3 desta quarta-feira (27), no Pal\u00e1cio Araguaia Governador Jos\u00e9 Wilson Siqueira Campos, da solenidade de assinatura de importantes obras que marcam um novo ciclo de investimentos na infraestrutura do Tocantins. O evento contou com a presen\u00e7a do governador Wanderlei Barbosa, do presidente da Assembleia Legislativa, deputado Am\u00e9lio Cayres, [&hellip;]<\/p>\n","protected":false},"author":2,"featured_media":22252,"comment_status":"open","ping_status":"open","sticky":false,"template":"","format":"standard","meta":[],"categories":[8],"tags":[],"_links":{"self":[{"href":"https:\/\/dgospel.com.br\/portal\/index.php\/wp-json\/wp\/v2\/posts\/22251"}],"collection":[{"href":"https:\/\/dgospel.com.br\/portal\/index.php\/wp-json\/wp\/v2\/posts"}],"about":[{"href":"https:\/\/dgospel.com.br\/portal\/index.php\/wp-json\/wp\/v2\/types\/post"}],"author":[{"embeddable":true,"href":"https:\/\/dgospel.com.br\/portal\/index.php\/wp-json\/wp\/v2\/users\/2"}],"replies":[{"embeddable":true,"href":"https:\/\/dgospel.com.br\/portal\/index.php\/wp-json\/wp\/v2\/comments?post=22251"}],"version-history":[{"count":1,"href":"https:\/\/dgospel.com.br\/portal\/index.php\/wp-json\/wp\/v2\/posts\/22251\/revisions"}],"predecessor-version":[{"id":22253,"href":"https:\/\/dgospel.com.br\/portal\/index.php\/wp-json\/wp\/v2\/posts\/22251\/revisions\/22253"}],"wp:featuredmedia":[{"embeddable":true,"href":"https:\/\/dgospel.com.br\/portal\/index.php\/wp-json\/wp\/v2\/media\/22252"}],"wp:attachment":[{"href":"https:\/\/dgospel.com.br\/portal\/index.php\/wp-json\/wp\/v2\/media?parent=22251"}],"wp:term":[{"taxonomy":"category","embeddable":true,"href":"https:\/\/dgospel.com.br\/portal\/index.php\/wp-json\/wp\/v2\/categories?post=22251"},{"taxonomy":"post_tag","embeddable":true,"href":"https:\/\/dgospel.com.br\/portal\/index.php\/wp-json\/wp\/v2\/tags?post=22251"}],"curies":[{"name":"wp","href":"https:\/\/api.w.org\/{rel}","templated":true}]}}