{"id":22257,"date":"2025-08-29T12:05:57","date_gmt":"2025-08-29T15:05:57","guid":{"rendered":"https:\/\/dgospel.com.br\/portal\/?p=22257"},"modified":"2025-08-29T12:05:58","modified_gmt":"2025-08-29T15:05:58","slug":"gestao-eduardo-siqueira-campos-projeta-marca-historica-de-mais-de-22-mil-imoveis-regularizados-em-2025","status":"publish","type":"post","link":"https:\/\/dgospel.com.br\/portal\/index.php\/2025\/08\/29\/gestao-eduardo-siqueira-campos-projeta-marca-historica-de-mais-de-22-mil-imoveis-regularizados-em-2025\/","title":{"rendered":"Gest\u00e3o Eduardo Siqueira Campos projeta marca hist\u00f3rica de mais de 2,2 mil im\u00f3veis regularizados em 2025"},"content":{"rendered":"\n<p>A Prefeitura de Palmas, sob a gest\u00e3o do prefeito Eduardo Siqueira Campos, avan\u00e7a na pol\u00edtica de regulariza\u00e7\u00e3o fundi\u00e1ria e projeta um marco hist\u00f3rico este ano, com mais de dois mil im\u00f3veis regularizados.<\/p>\n\n\n\n<p>Somente neste ano a gest\u00e3o entregou os loteamentos Setor Universit\u00e1rio, com 602 im\u00f3veis, e Vista Alegre\/Belo Horizonte, com 559 im\u00f3veis. Tamb\u00e9m protocolado no cart\u00f3rio o projeto de regulariza\u00e7\u00e3o fundi\u00e1ria da 2\u00aa etapa do Irm\u00e3 Dulce, com 619 im\u00f3veis. Para setembro, est\u00e1 previsto o protocolo Machado Oeste I (191 im\u00f3veis) e Machado Oeste II (290 im\u00f3veis).<\/p>\n\n\n\n<p>Com todos esses empreendimentos protocolados e certificados, Palmas deve alcan\u00e7ar o patamar in\u00e9dito de mais de 2.261 im\u00f3veis regularizados em um \u00fanico ano.<\/p>\n\n\n\n<p>Para o prefeito Eduardo Siqueira Campos, o trabalho refor\u00e7a o compromisso da gest\u00e3o em ampliar a cidadania.\u201cRegularizar im\u00f3veis \u00e9 garantir dignidade \u00e0s fam\u00edlias e fortalecer a cidade. Estamos empenhados em acelerar esse processo para que milhares de palmenses possam ter seguran\u00e7a jur\u00eddica e a tranquilidade de viver em seus lares com pleno direito\u201d, destacou o prefeito.<\/p>\n\n\n\n<p>O secret\u00e1rio de Desenvolvimento Urbano e Regulariza\u00e7\u00e3o Fundi\u00e1ria, Israel Henrique de Melo Sousa, tamb\u00e9m ressaltou que os resultados expressivos s\u00e3o fruto da prioridade estabelecida pela atual gest\u00e3o.<\/p>\n\n\n\n<p>\u201cA regulariza\u00e7\u00e3o fundi\u00e1ria \u00e9 um instrumento de cidadania. Em menos de oito meses de gest\u00e3o, &nbsp;Eduardo Siqueira Campos tem mostrado a que veio, dando apoio para que possamos avan\u00e7ar com rapidez em demandas que, muitas vezes, a popula\u00e7\u00e3o aguardava h\u00e1 d\u00e9cadas para ver seus im\u00f3veis regularizados. Regulariza\u00e7\u00e3o significa garantir acesso a direitos b\u00e1sicos, infraestrutura e qualidade de vida\u201d, afirmou o secret\u00e1rio.<\/p>\n","protected":false},"excerpt":{"rendered":"<p>A Prefeitura de Palmas, sob a gest\u00e3o do prefeito Eduardo Siqueira Campos, avan\u00e7a na pol\u00edtica de regulariza\u00e7\u00e3o fundi\u00e1ria e projeta um marco hist\u00f3rico este ano, com mais de dois mil im\u00f3veis regularizados. Somente neste ano a gest\u00e3o entregou os loteamentos Setor Universit\u00e1rio, com 602 im\u00f3veis, e Vista Alegre\/Belo Horizonte, com 559 im\u00f3veis. Tamb\u00e9m protocolado no [&hellip;]<\/p>\n","protected":false},"author":2,"featured_media":22258,"comment_status":"open","ping_status":"open","sticky":false,"template":"","format":"standard","meta":[],"categories":[3],"tags":[13],"_links":{"self":[{"href":"https:\/\/dgospel.com.br\/portal\/index.php\/wp-json\/wp\/v2\/posts\/22257"}],"collection":[{"href":"https:\/\/dgospel.com.br\/portal\/index.php\/wp-json\/wp\/v2\/posts"}],"about":[{"href":"https:\/\/dgospel.com.br\/portal\/index.php\/wp-json\/wp\/v2\/types\/post"}],"author":[{"embeddable":true,"href":"https:\/\/dgospel.com.br\/portal\/index.php\/wp-json\/wp\/v2\/users\/2"}],"replies":[{"embeddable":true,"href":"https:\/\/dgospel.com.br\/portal\/index.php\/wp-json\/wp\/v2\/comments?post=22257"}],"version-history":[{"count":1,"href":"https:\/\/dgospel.com.br\/portal\/index.php\/wp-json\/wp\/v2\/posts\/22257\/revisions"}],"predecessor-version":[{"id":22259,"href":"https:\/\/dgospel.com.br\/portal\/index.php\/wp-json\/wp\/v2\/posts\/22257\/revisions\/22259"}],"wp:featuredmedia":[{"embeddable":true,"href":"https:\/\/dgospel.com.br\/portal\/index.php\/wp-json\/wp\/v2\/media\/22258"}],"wp:attachment":[{"href":"https:\/\/dgospel.com.br\/portal\/index.php\/wp-json\/wp\/v2\/media?parent=22257"}],"wp:term":[{"taxonomy":"category","embeddable":true,"href":"https:\/\/dgospel.com.br\/portal\/index.php\/wp-json\/wp\/v2\/categories?post=22257"},{"taxonomy":"post_tag","embeddable":true,"href":"https:\/\/dgospel.com.br\/portal\/index.php\/wp-json\/wp\/v2\/tags?post=22257"}],"curies":[{"name":"wp","href":"https:\/\/api.w.org\/{rel}","templated":true}]}}