{"id":22260,"date":"2025-08-30T10:24:05","date_gmt":"2025-08-30T13:24:05","guid":{"rendered":"https:\/\/dgospel.com.br\/portal\/?p=22260"},"modified":"2025-08-30T13:44:11","modified_gmt":"2025-08-30T16:44:11","slug":"assembleia-de-deus-ciadseta-no-aureny-4-reinaugura-templo-sede-e-salas-em-anexo","status":"publish","type":"post","link":"https:\/\/dgospel.com.br\/portal\/index.php\/2025\/08\/30\/assembleia-de-deus-ciadseta-no-aureny-4-reinaugura-templo-sede-e-salas-em-anexo\/","title":{"rendered":"Reinaugura\u00e7\u00e3o do templo sede da Assembleia de Deus CIADSETA no Aureny 4 \u00e9 marcada por muita emo\u00e7\u00e3o"},"content":{"rendered":"\n<p>Alegria, emo\u00e7\u00e3o e gratid\u00e3o marcaram a reinaugura\u00e7\u00e3o do templo sede da Assembleia de Deus CIADSETA, Campo Aureny 4 (AD4), em Palmas.<\/p>\n\n\n\n<p>A cerimonia de reinaugura\u00e7\u00e3o aconteceu na manh\u00e3 de domingo, dia 24 de agosto de 2025, e reuniu\u00a0 lideres eclesi\u00e1sticos e pol\u00edticos, e a membresia da igreja local,<\/p>\n\n\n\n<figure class=\"wp-block-image size-large\"><img loading=\"lazy\" width=\"1024\" height=\"768\" src=\"https:\/\/dgospel.com.br\/portal\/wp-content\/uploads\/2025\/08\/00-3-1024x768.jpeg\" alt=\"\" class=\"wp-image-22261\" srcset=\"https:\/\/dgospel.com.br\/portal\/wp-content\/uploads\/2025\/08\/00-3-1024x768.jpeg 1024w, https:\/\/dgospel.com.br\/portal\/wp-content\/uploads\/2025\/08\/00-3-300x225.jpeg 300w, https:\/\/dgospel.com.br\/portal\/wp-content\/uploads\/2025\/08\/00-3-768x576.jpeg 768w, https:\/\/dgospel.com.br\/portal\/wp-content\/uploads\/2025\/08\/00-3-1536x1152.jpeg 1536w, https:\/\/dgospel.com.br\/portal\/wp-content\/uploads\/2025\/08\/00-3.jpeg 1600w\" sizes=\"(max-width: 1024px) 100vw, 1024px\" \/><\/figure>\n\n\n\n<p>Durante a cerim\u00f4nia, o presidente da igreja, pastor Josivan Gomes, destacou:<br>\u201cEsse \u00e9 um momento de muita gratid\u00e3o a Deus, e a todos os irm\u00e3os, aos pioneiros, como o saudoso pastar Francisco Ribeiro Novaes, que j\u00e1 dorme no Senhor, que nesse ato \u00e9 representado pela a sua companheira, mission\u00e1ria Concei\u00e7\u00e3o, que foram os fundadores deste campo, agradecemos tamb\u00e9m, o pastor Ad\u00e3o e mission\u00e1ria Luzia que foram os fundadores deste templo, agradecemos tamb\u00e9m, a todos os pastores que por aqui passaram e deixaram sua parcela de contribui\u00e7\u00e3o. Hoje estamos reunidos para celebrar esta grande conquista que o Senhor nos concedeu. Tudo isso \u00e9 a miseric\u00f3rdia de Deus na vida de cada um que contribuiu com esta obra\u201d.<\/p>\n\n\n\n<p><\/p>\n\n\n\n<figure class=\"wp-block-image size-full\"><img loading=\"lazy\" width=\"736\" height=\"794\" src=\"https:\/\/dgospel.com.br\/portal\/wp-content\/uploads\/2025\/08\/00-2-2.jpg\" alt=\"\" class=\"wp-image-22266\" srcset=\"https:\/\/dgospel.com.br\/portal\/wp-content\/uploads\/2025\/08\/00-2-2.jpg 736w, https:\/\/dgospel.com.br\/portal\/wp-content\/uploads\/2025\/08\/00-2-2-278x300.jpg 278w\" sizes=\"(max-width: 736px) 100vw, 736px\" \/><\/figure>\n\n\n\n<p>Al\u00e9m do templo sede, tamb\u00e9m foram inaugurados, um po\u00e7o artesiano, uma sala de curso, uma sala de reuni\u00e3o e a igreja infantil.<\/p>\n\n\n\n<p>O corte solene da fita foi conduzido pelas mission\u00e1rias, irm\u00e3 Concei\u00e7\u00e3o e irm\u00e3 Luzia, representando todos os pioneiros.<\/p>\n\n\n\n<p><\/p>\n\n\n\n<figure class=\"wp-block-image size-large\"><img loading=\"lazy\" width=\"1024\" height=\"768\" src=\"https:\/\/dgospel.com.br\/portal\/wp-content\/uploads\/2025\/08\/00-1-1-1024x768.jpg\" alt=\"\" class=\"wp-image-22262\" srcset=\"https:\/\/dgospel.com.br\/portal\/wp-content\/uploads\/2025\/08\/00-1-1-1024x768.jpg 1024w, https:\/\/dgospel.com.br\/portal\/wp-content\/uploads\/2025\/08\/00-1-1-300x225.jpg 300w, https:\/\/dgospel.com.br\/portal\/wp-content\/uploads\/2025\/08\/00-1-1-768x576.jpg 768w, https:\/\/dgospel.com.br\/portal\/wp-content\/uploads\/2025\/08\/00-1-1-1536x1152.jpg 1536w, https:\/\/dgospel.com.br\/portal\/wp-content\/uploads\/2025\/08\/00-1-1.jpg 1600w\" sizes=\"(max-width: 1024px) 100vw, 1024px\" \/><\/figure>\n\n\n\n<p>Na oportunidade tamb\u00e9m foi celebrado a conquista da aquisi\u00e7\u00e3o das poltronas, e do t\u00edtulo definitiva do terreno da igreja. O evangelista Creomildo Cavalhedo Leite, que acompanhou o processo desde o in\u00edcio, destacou: &nbsp;\u201cForam 32 anos de espera por esse momento. Receber o documento desse terreno representa mais que uma conquista, para mim \u00e9 cumprir uma miss\u00e3o. Foram muitas lutas, muitos desafios, mas hoje celebramos com alegria, esta grande vit\u00f3ria da nossa igreja\u201d<\/p>\n\n\n\n<p>Al\u00e9m dos obreiros, dos dirigentes e d\u00e1 membresia local, a cerim\u00f4nia ainda contou com a presen\u00e7a do pastor Genival Gomes de Lima, presidente da Assembleia de Deus CIADSETA, campo Taquaralto, do pastor Jos\u00e9 Luiz, presidente da Assembleia de Deus CIADSETA, campo Taquari, vereador Rubens Uch\u00f4a, pastor Wesley Lemes, representante do pastor Ant\u00f4nio Xavier, e do governador Wanderlei Barbosa, al\u00e9m de outras lideran\u00e7as.<\/p>\n","protected":false},"excerpt":{"rendered":"<p>Alegria, emo\u00e7\u00e3o e gratid\u00e3o marcaram a reinaugura\u00e7\u00e3o do templo sede da Assembleia de Deus CIADSETA, Campo Aureny 4 (AD4), em Palmas. A cerimonia de reinaugura\u00e7\u00e3o aconteceu na manh\u00e3 de domingo, dia 24 de agosto de 2025, e reuniu\u00a0 lideres eclesi\u00e1sticos e pol\u00edticos, e a membresia da igreja local, Durante a cerim\u00f4nia, o presidente da igreja, [&hellip;]<\/p>\n","protected":false},"author":2,"featured_media":22267,"comment_status":"open","ping_status":"open","sticky":false,"template":"","format":"standard","meta":[],"categories":[5],"tags":[],"_links":{"self":[{"href":"https:\/\/dgospel.com.br\/portal\/index.php\/wp-json\/wp\/v2\/posts\/22260"}],"collection":[{"href":"https:\/\/dgospel.com.br\/portal\/index.php\/wp-json\/wp\/v2\/posts"}],"about":[{"href":"https:\/\/dgospel.com.br\/portal\/index.php\/wp-json\/wp\/v2\/types\/post"}],"author":[{"embeddable":true,"href":"https:\/\/dgospel.com.br\/portal\/index.php\/wp-json\/wp\/v2\/users\/2"}],"replies":[{"embeddable":true,"href":"https:\/\/dgospel.com.br\/portal\/index.php\/wp-json\/wp\/v2\/comments?post=22260"}],"version-history":[{"count":3,"href":"https:\/\/dgospel.com.br\/portal\/index.php\/wp-json\/wp\/v2\/posts\/22260\/revisions"}],"predecessor-version":[{"id":22269,"href":"https:\/\/dgospel.com.br\/portal\/index.php\/wp-json\/wp\/v2\/posts\/22260\/revisions\/22269"}],"wp:featuredmedia":[{"embeddable":true,"href":"https:\/\/dgospel.com.br\/portal\/index.php\/wp-json\/wp\/v2\/media\/22267"}],"wp:attachment":[{"href":"https:\/\/dgospel.com.br\/portal\/index.php\/wp-json\/wp\/v2\/media?parent=22260"}],"wp:term":[{"taxonomy":"category","embeddable":true,"href":"https:\/\/dgospel.com.br\/portal\/index.php\/wp-json\/wp\/v2\/categories?post=22260"},{"taxonomy":"post_tag","embeddable":true,"href":"https:\/\/dgospel.com.br\/portal\/index.php\/wp-json\/wp\/v2\/tags?post=22260"}],"curies":[{"name":"wp","href":"https:\/\/api.w.org\/{rel}","templated":true}]}}