{"id":22270,"date":"2025-09-03T08:44:23","date_gmt":"2025-09-03T11:44:23","guid":{"rendered":"https:\/\/dgospel.com.br\/portal\/?p=22270"},"modified":"2025-09-03T08:44:24","modified_gmt":"2025-09-03T11:44:24","slug":"taquarucu-recebe-visitantes-do-19o-fgt-a-partir-desta-quinta-4-com-gastronomia-a-precos-acessiveis-e-atracoes-musicais-de-peso","status":"publish","type":"post","link":"https:\/\/dgospel.com.br\/portal\/index.php\/2025\/09\/03\/taquarucu-recebe-visitantes-do-19o-fgt-a-partir-desta-quinta-4-com-gastronomia-a-precos-acessiveis-e-atracoes-musicais-de-peso\/","title":{"rendered":"Taquaru\u00e7u recebe visitantes do 19\u00ba FGT a partir desta quinta, 4, com gastronomia a pre\u00e7os acess\u00edveis e atra\u00e7\u00f5es musicais de peso"},"content":{"rendered":"\n<p>A partir de quinta-feira, 4, o distrito de Taquaru\u00e7u se transformar\u00e1 em um polo de sabores com a realiza\u00e7\u00e3o do 19\u00ba Festival Gastron\u00f4mico de Taquaru\u00e7u (FGT). Promovido pela Prefeitura de Palmas, por meio da Ag\u00eancia Municipal de Turismo (Agtur), o evento \u00e9 refer\u00eancia na valoriza\u00e7\u00e3o da culin\u00e1ria tocantinense e oferece at\u00e9 o domingo, 7, programa\u00e7\u00e3o que une gastronomia, boa m\u00fasica e experi\u00eancias \u00fanicas para moradores e turistas.<\/p>\n\n\n\n<p>Para quem sobe a serra em busca de novas experi\u00eancias culin\u00e1rias, os estandes do Circuito Gastron\u00f4mico funcionar\u00e3o a partir das 18h de quinta-feira, 4, a s\u00e1bado, 6, e no domingo, 7, a partir das 16h. Ser\u00e3o 40 pratos diferentes dispon\u00edveis, destacando a criatividade e a diversidade da gastronomia local. Os pre\u00e7os variam de acordo com a categoria:<\/p>\n\n\n\n<p>\u2022 Comidinhas salgadas: R$ 15 a R$ 19;<br>\u2022 Pratos doces: R$ 11 a R$ 17;<br>\u2022 Pratos salgados: R$ 15 a R$ 24;<br>\u2022 Food trucks: R$ 15 a R$ 23;<br>\u2022 Alimenta\u00e7\u00e3o Funcional: R$ 11 a R$ 24;<br>\u2022 Drinks regionais: R$ 5 a R$ 35.<\/p>\n\n\n\n<p>Na Rota Gastron\u00f4mica, que envolve estabelecimentos de Taquaru\u00e7u e regi\u00e3o, os pratos variam entre R$ 20 e R$ 87. Juntos, os expositores do Circuito Gastron\u00f4mico e da Rota Gastron\u00f4mica disputam a premia\u00e7\u00e3o total de R$ 150 mil.<\/p>\n\n\n\n<p><strong>Cozinha Show<\/strong><br><br>Outro destaque \u00e9 o Cozinha Show, espa\u00e7o que combina aprendizado e espet\u00e1culo. A programa\u00e7\u00e3o come\u00e7a com chefs locais, \u00e0s 18h30, de quinta, 4, a s\u00e1bado, 6, e \u00e0s 16h no domingo, 7, quando a atra\u00e7\u00e3o ser\u00e1 dedicada \u00e0s crian\u00e7as, com o Cozinha Kids. A partir das 19h30, entram em cena os chefs de destaque nacional:<\/p>\n\n\n\n<p><br>\u2022<strong>&nbsp;4 de setembro<\/strong>: Babi Fraz\u00e3o, brasiliense vencedora da edi\u00e7\u00e3o 2023 do maior programa de gastronomia da TV brasileira e eleita Chef Revela\u00e7\u00e3o 2024 pela revista Prazeres da Mesa;<\/p>\n\n\n\n<p>\u2022<strong>&nbsp;5 de setembro<\/strong>: Jana\u00edna Torres, paulista eleita Melhor Chef Feminina do Mundo 2024 pela lista The World\u2019s 50 Best Restaurants e destaque tamb\u00e9m como Melhor Chef Mulher da Am\u00e9rica Latina 2023;<\/p>\n\n\n\n<p><strong>\u2022 6 de setembro<\/strong>: Jimmy Ogro, rep\u00f3rter do programa Mais Voc\u00ea (TV Globo) e embaixador da carne su\u00edna no Brasil pela ABCS, conhecido por sua irrever\u00eancia.<\/p>\n\n\n\n<p><strong>Atra\u00e7\u00f5es regionais e nacionais<\/strong><br><br>A programa\u00e7\u00e3o musical tamb\u00e9m promete grandes momentos. Na quinta-feira, 4, o cantor Zeca Baleiro abre a s\u00e9rie de shows nacionais. Na sexta-feira, 5, \u00e9 a vez de Faf\u00e1 de Bel\u00e9m encantar o p\u00fablico. J\u00e1 no s\u00e1bado, 6, o palco recebe o duo Anavit\u00f3ria, em uma apresenta\u00e7\u00e3o muito aguardada. O encerramento fica por conta do projeto infantil Mundo Bita, no domingo, 7, garantindo divers\u00e3o para toda a fam\u00edlia.<\/p>\n\n\n\n<p>Dentre os artistas regionais confirmados est\u00e3o Pagode da Lu, Melissa Lima, Tr\u00eas Tons de Preto, Matheus Mancine e Viola D\u2019J\u00fanior.<\/p>\n","protected":false},"excerpt":{"rendered":"<p>A partir de quinta-feira, 4, o distrito de Taquaru\u00e7u se transformar\u00e1 em um polo de sabores com a realiza\u00e7\u00e3o do 19\u00ba Festival Gastron\u00f4mico de Taquaru\u00e7u (FGT). Promovido pela Prefeitura de Palmas, por meio da Ag\u00eancia Municipal de Turismo (Agtur), o evento \u00e9 refer\u00eancia na valoriza\u00e7\u00e3o da culin\u00e1ria tocantinense e oferece at\u00e9 o domingo, 7, programa\u00e7\u00e3o [&hellip;]<\/p>\n","protected":false},"author":2,"featured_media":22271,"comment_status":"open","ping_status":"open","sticky":false,"template":"","format":"standard","meta":[],"categories":[3],"tags":[13],"_links":{"self":[{"href":"https:\/\/dgospel.com.br\/portal\/index.php\/wp-json\/wp\/v2\/posts\/22270"}],"collection":[{"href":"https:\/\/dgospel.com.br\/portal\/index.php\/wp-json\/wp\/v2\/posts"}],"about":[{"href":"https:\/\/dgospel.com.br\/portal\/index.php\/wp-json\/wp\/v2\/types\/post"}],"author":[{"embeddable":true,"href":"https:\/\/dgospel.com.br\/portal\/index.php\/wp-json\/wp\/v2\/users\/2"}],"replies":[{"embeddable":true,"href":"https:\/\/dgospel.com.br\/portal\/index.php\/wp-json\/wp\/v2\/comments?post=22270"}],"version-history":[{"count":1,"href":"https:\/\/dgospel.com.br\/portal\/index.php\/wp-json\/wp\/v2\/posts\/22270\/revisions"}],"predecessor-version":[{"id":22272,"href":"https:\/\/dgospel.com.br\/portal\/index.php\/wp-json\/wp\/v2\/posts\/22270\/revisions\/22272"}],"wp:featuredmedia":[{"embeddable":true,"href":"https:\/\/dgospel.com.br\/portal\/index.php\/wp-json\/wp\/v2\/media\/22271"}],"wp:attachment":[{"href":"https:\/\/dgospel.com.br\/portal\/index.php\/wp-json\/wp\/v2\/media?parent=22270"}],"wp:term":[{"taxonomy":"category","embeddable":true,"href":"https:\/\/dgospel.com.br\/portal\/index.php\/wp-json\/wp\/v2\/categories?post=22270"},{"taxonomy":"post_tag","embeddable":true,"href":"https:\/\/dgospel.com.br\/portal\/index.php\/wp-json\/wp\/v2\/tags?post=22270"}],"curies":[{"name":"wp","href":"https:\/\/api.w.org\/{rel}","templated":true}]}}