{"id":22283,"date":"2025-09-03T16:00:31","date_gmt":"2025-09-03T19:00:31","guid":{"rendered":"https:\/\/dgospel.com.br\/portal\/?p=22283"},"modified":"2025-09-03T16:00:32","modified_gmt":"2025-09-03T19:00:32","slug":"china-exibe-ao-mundo-seu-poder-militar-ao-lado-da-russia-e-coreia-do-norte","status":"publish","type":"post","link":"https:\/\/dgospel.com.br\/portal\/index.php\/2025\/09\/03\/china-exibe-ao-mundo-seu-poder-militar-ao-lado-da-russia-e-coreia-do-norte\/","title":{"rendered":"China exibe ao mundo seu \u2018poder militar\u2019 ao lado da R\u00fassia e Coreia do Norte"},"content":{"rendered":"\n<p>Pela primeira vez, os l\u00edderes da China, R\u00fassia e&nbsp;<strong><a href=\"https:\/\/guiame.com.br\/gospel\/missoes-acao-social\/organizacao-crista-afirma-que-radio-e-o-meio-mais-eficaz-de-pregar-na-coreia-do-norte.html\">Coreia do Norte<\/a><\/strong>&nbsp;apareceram juntos em p\u00fablico, demonstrando solidariedade durante um grandioso desfile militar realizado em Pequim.<\/p>\n\n\n\n<p>Durante as comemora\u00e7\u00f5es do 80\u00ba anivers\u00e1rio do fim da Segunda Guerra Mundial, o presidente&nbsp;<strong><a href=\"https:\/\/guiame.com.br\/gospel\/missoes-acao-social\/china-inicia-2024-impondo-doutrinacao-comunista-e-leis-mais-patrioticas-aos-jovens.html\">Xi Jinping<\/a><\/strong>&nbsp;afirmou que o mundo est\u00e1 diante de uma escolha crucial entre paz e guerra.<\/p>\n\n\n\n<p>A declara\u00e7\u00e3o foi feita enquanto a China exibia um vasto arsenal militar \u2013 incluindo m\u00edsseis nucleares de alcance global \u2013 em um desfile que destacou o poderio b\u00e9lico do pa\u00eds.<\/p>\n\n\n\n<p>A exibi\u00e7\u00e3o n\u00e3o foi apenas uma retrospectiva do passado da&nbsp;<strong><a href=\"https:\/\/guiame.com.br\/gospel\/missoes-acao-social\/pastores-chineses-passam-por-treinamento-para-maior-controle-do-partido-comunista.html\">China<\/a><\/strong>, nem uma celebra\u00e7\u00e3o de suas conquistas atuais \u2013 foi, acima de tudo, uma demonstra\u00e7\u00e3o clara da dire\u00e7\u00e3o que o pa\u00eds pretende seguir, declarou a ABC News.<\/p>\n\n\n\n<p>Xi assumiu o papel de l\u00edder global disposto a se posicionar ao lado de dois dos chefes de Estado mais sancionados do mundo:&nbsp;<strong><a href=\"https:\/\/guiame.com.br\/gospel\/noticias\/putin-e-reeleito-na-russia-e-diz-que-mundo-esta-prestes-viver-3-guerra-mundial.html\">Vladimir Putin<\/a><\/strong>&nbsp;e Kim Jong-un.<\/p>\n\n\n\n<p><strong>Desfile militar<\/strong><\/p>\n\n\n\n<p>Aos p\u00e9s do presidente chin\u00eas, desfila um ex\u00e9rcito em expans\u00e3o, projetado para rivalizar com as for\u00e7as do Ocidente.<\/p>\n\n\n\n<p>O desfile foi um espet\u00e1culo cuidadosamente coreografado, marcado por precis\u00e3o, for\u00e7a e patriotismo.<\/p>\n\n\n\n<p>Na quarta-feira (03), milhares de soldados marcharam exibindo equipamentos militares, em uma demonstra\u00e7\u00e3o clara do avan\u00e7o do programa de moderniza\u00e7\u00e3o das For\u00e7as Armadas da China.<\/p>\n\n\n\n<p><a href=\"https:\/\/www.instagram.com\/reel\/DOI6Ffmjb3B\/?utm_source=ig_embed&amp;ig_rid=90063e2c-09b7-43e8-aa26-6766f40fc6cd\">https:\/\/www.instagram.com\/reel\/DOI6Ffmjb3B\/?utm_source=ig_embed&amp;ig_rid=90063e2c-09b7-43e8-aa26-6766f40fc6cd<\/a><\/p>\n\n\n\n<p>Uma das imagens mais marcantes do desfile aconteceu antes mesmo do primeiro disparo.<\/p>\n\n\n\n<p>O presidente Xi recebeu Kim com um longo aperto de m\u00e3o, seguido por um cumprimento a Putin. Em seguida, os tr\u00eas l\u00edderes caminharam lado a lado at\u00e9 o local onde assistiriam juntos ao desfile militar.<\/p>\n\n\n\n<p><strong>Juntos pela 1\u00aa vez<\/strong><\/p>\n\n\n\n<p>Foi a primeira vez que os tr\u00eas l\u00edderes \u2013 Xi Jinping, Vladimir Putin e Kim Jong-un \u2013 apareceram juntos em p\u00fablico, e a escolha do momento foi estrat\u00e9gica.<\/p>\n\n\n\n<p>Mais tarde, \u00e0 margem do evento, Putin se reuniu com Kim e elogiou Pyongyang por enviar soldados para apoiar a R\u00fassia na&nbsp;<strong><a href=\"https:\/\/guiame.com.br\/gospel\/missoes-acao-social\/acampamentos-biblicos-levam-esperanca-para-criancas-afetadas-pela-guerra-na-ucrania.html\">guerra na Ucr\u00e2nia<\/a><\/strong>.<\/p>\n\n\n\n<p>Putin e Kim se juntaram a outros 24 l\u00edderes e autoridades internacionais convidados para o desfile em Pequim.<\/p>\n\n\n\n<p>V\u00e1rios ex-l\u00edderes chineses marcaram presen\u00e7a na plataforma de observa\u00e7\u00e3o de Tiananmen \u2013 por\u00e9m, chamou aten\u00e7\u00e3o a aus\u00eancia do ex-presidente Hu Jintao.<\/p>\n\n\n\n<p><strong>L\u00edderes ausentes<\/strong><\/p>\n\n\n\n<p>Embora tenha recebido um convite, o presidente sul-coreano Lee Jae Myung optou por n\u00e3o comparecer.<\/p>\n\n\n\n<p>J\u00e1 o primeiro-ministro indiano, Narendra Modi \u2013 que se reuniu com o presidente Xi no in\u00edcio da semana \u2013 tamb\u00e9m esteve ausente.<\/p>\n\n\n\n<p>Entre os l\u00edderes mundiais presentes estavam o presidente do Ir\u00e3, Masoud Pezeshkian; o primeiro-ministro do Paquist\u00e3o, Shehbaz Sharif; Luong Cuong, representante do Vietn\u00e3; e Emmerson Mnangagwa, presidente do Zimb\u00e1bue.<\/p>\n\n\n\n<p>A maioria dos l\u00edderes ocidentais decidiu n\u00e3o participar do desfile do \u201cDia da Vit\u00f3ria\u201d promovido pela China.<\/p>\n\n\n\n<p>Os \u00fanicos l\u00edderes europeus que compareceram \u2013 Robert Fico, da Eslov\u00e1quia, e Aleksandar Vucic, da S\u00e9rvia \u2013 posaram para fotos ao lado de Putin ap\u00f3s o encerramento do evento principal.<\/p>\n\n\n\n<p>Todos acompanharam enquanto cerca de 50 mil espectadores \u2013 previamente selecionados \u2013 assistiam ao desfile realizado na Pra\u00e7a Tiananmen, em Pequim.<\/p>\n\n\n\n<p><strong>Arsenal exibido<\/strong><\/p>\n\n\n\n<p>O presidente Xi realizou uma inspe\u00e7\u00e3o das tropas, passando por milhares de soldados de diferentes ramos das for\u00e7as armadas chinesas reunidos na Avenida Changan.<\/p>\n\n\n\n<p>Entre os destaques do arsenal exibido estavam armas a laser, rob\u00f4s em forma de \u201clobos\u201d e gigantescos drones nucleares subaqu\u00e1ticos \u2013 todos representando os avan\u00e7os tecnol\u00f3gicos militares do pa\u00eds.<\/p>\n\n\n\n<p>A China tamb\u00e9m apresentou seus drones de ataque furtivo, conhecidos como \u201cala leal\u201d \u2013 projetados para voar ao lado de ca\u00e7as tripulados e oferecer suporte direto em miss\u00f5es ofensivas.<\/p>\n\n\n\n<p>Milhares de pombas e bal\u00f5es foram soltos posteriormente nos c\u00e9us acima da Pra\u00e7a Tiananmen para marcar o fim do desfile.<\/p>\n\n\n\n<p>Em seguida, os convidados participaram de um almo\u00e7o de recep\u00e7\u00e3o no Grande Sal\u00e3o do Povo, onde puderam escolher entre vinho tinto ou branco de produ\u00e7\u00e3o chinesa.<\/p>\n\n\n\n<p><strong>\u2018Lei da selva\u2019<\/strong><\/p>\n\n\n\n<p>Durante o brinde, o presidente Xi Jinping declarou que o mundo \u201cjamais deve retornar \u00e0 lei da selva\u201d.<\/p>\n\n\n\n<p>Embora n\u00e3o tenha direcionado seu discurso de cinco minutos a nenhuma na\u00e7\u00e3o ocidental em espec\u00edfico, autoridades chinesas j\u00e1 classificaram os EUA como um \u201cvalent\u00e3o\u201d, em refer\u00eancia \u00e0 imposi\u00e7\u00e3o de tarifas a diversos pa\u00edses ao redor do mundo.<\/p>\n\n\n\n<p>Xi acrescentou: &#8220;Esperamos sinceramente que todos os pa\u00edses tirem li\u00e7\u00f5es da hist\u00f3ria, valorizem a paz e trabalhem juntos para&#8230; criar um futuro melhor para a humanidade.&#8221;<\/p>\n\n\n\n<p>Ele concluiu brindando \u00e0 &#8220;prosperidade comum para toda a humanidade&#8221;.<\/p>\n\n\n\n<p><strong>Resposta dos EUA<\/strong><\/p>\n\n\n\n<p>O encontro entre Xi, Kim e Putin \u2013 mais do que a exibi\u00e7\u00e3o de armas e tropas \u2013 parece ter sido o verdadeiro foco da aten\u00e7\u00e3o de&nbsp;<strong><a href=\"https:\/\/guiame.com.br\/gospel\/noticias\/acordos-de-abraao-trump-busca-paz-no-oriente-medio-e-incentiva-lacos-com-israel.html\">Donald Trump<\/a><\/strong>.<\/p>\n\n\n\n<p>O presidente dos EUA, que n\u00e3o esteve presente no evento, recorreu \u00e0 sua plataforma de m\u00eddia social para acusar Xi Jinping de estar conspirando com a R\u00fassia e a Coreia do Norte contra os EUA.<\/p>\n\n\n\n<p>&#8220;Por favor, d\u00ea meus mais calorosos cumprimentos a Vladimir Putin e Kim Jong-un, enquanto voc\u00eas conspiram contra os Estados Unidos da Am\u00e9rica&#8221;, postou Trump no Truth Social.<\/p>\n\n\n\n<p>Segundo a m\u00eddia estatal russa, o porta-voz do Kremlin, Yuri Ushakov, negou qualquer sugest\u00e3o de que houvesse uma conspira\u00e7\u00e3o contra os Estados Unidos.<\/p>\n\n\n\n<p>Ushakov chamou as palavras de Trump de &#8220;ir\u00f4nicas&#8221; e disse que Putin, Xi e Kim &#8220;nem est\u00e3o pensando em uma conspira\u00e7\u00e3o contra os Estados Unidos&#8221; e que os tr\u00eas l\u00edderes entendem o papel de Washington &#8220;na atual situa\u00e7\u00e3o internacional&#8221;.<\/p>\n\n\n\n<p>youtube.com\/watch?v=jLmk6C2zXkg&amp;embeds_referring_euri=https%3A%2F%2Fguiame.com.br%2F&amp;source_ve_path=MjM4NTE<\/p>\n","protected":false},"excerpt":{"rendered":"<p>Pela primeira vez, os l\u00edderes da China, R\u00fassia e&nbsp;Coreia do Norte&nbsp;apareceram juntos em p\u00fablico, demonstrando solidariedade durante um grandioso desfile militar realizado em Pequim. Durante as comemora\u00e7\u00f5es do 80\u00ba anivers\u00e1rio do fim da Segunda Guerra Mundial, o presidente&nbsp;Xi Jinping&nbsp;afirmou que o mundo est\u00e1 diante de uma escolha crucial entre paz e guerra. A declara\u00e7\u00e3o foi [&hellip;]<\/p>\n","protected":false},"author":2,"featured_media":22284,"comment_status":"open","ping_status":"open","sticky":false,"template":"","format":"standard","meta":[],"categories":[12,16],"tags":[],"_links":{"self":[{"href":"https:\/\/dgospel.com.br\/portal\/index.php\/wp-json\/wp\/v2\/posts\/22283"}],"collection":[{"href":"https:\/\/dgospel.com.br\/portal\/index.php\/wp-json\/wp\/v2\/posts"}],"about":[{"href":"https:\/\/dgospel.com.br\/portal\/index.php\/wp-json\/wp\/v2\/types\/post"}],"author":[{"embeddable":true,"href":"https:\/\/dgospel.com.br\/portal\/index.php\/wp-json\/wp\/v2\/users\/2"}],"replies":[{"embeddable":true,"href":"https:\/\/dgospel.com.br\/portal\/index.php\/wp-json\/wp\/v2\/comments?post=22283"}],"version-history":[{"count":1,"href":"https:\/\/dgospel.com.br\/portal\/index.php\/wp-json\/wp\/v2\/posts\/22283\/revisions"}],"predecessor-version":[{"id":22285,"href":"https:\/\/dgospel.com.br\/portal\/index.php\/wp-json\/wp\/v2\/posts\/22283\/revisions\/22285"}],"wp:featuredmedia":[{"embeddable":true,"href":"https:\/\/dgospel.com.br\/portal\/index.php\/wp-json\/wp\/v2\/media\/22284"}],"wp:attachment":[{"href":"https:\/\/dgospel.com.br\/portal\/index.php\/wp-json\/wp\/v2\/media?parent=22283"}],"wp:term":[{"taxonomy":"category","embeddable":true,"href":"https:\/\/dgospel.com.br\/portal\/index.php\/wp-json\/wp\/v2\/categories?post=22283"},{"taxonomy":"post_tag","embeddable":true,"href":"https:\/\/dgospel.com.br\/portal\/index.php\/wp-json\/wp\/v2\/tags?post=22283"}],"curies":[{"name":"wp","href":"https:\/\/api.w.org\/{rel}","templated":true}]}}