{"id":2229,"date":"2019-01-07T11:30:05","date_gmt":"2019-01-07T13:30:05","guid":{"rendered":"http:\/\/dgospel.com.br\/portal\/?p=2229"},"modified":"2019-01-07T11:30:05","modified_gmt":"2019-01-07T13:30:05","slug":"dunas-do-jalapao-tem-recorde-de-visitacao-em-2018","status":"publish","type":"post","link":"https:\/\/dgospel.com.br\/portal\/index.php\/2019\/01\/07\/dunas-do-jalapao-tem-recorde-de-visitacao-em-2018\/","title":{"rendered":"Dunas do Jalap\u00e3o tem recorde de visita\u00e7\u00e3o em 2018"},"content":{"rendered":"<p>Com um cen\u00e1rio \u00fanico, as dunas do Jalap\u00e3o\u00a0 registraram recorde de visita\u00e7\u00e3o em 2018.\u00a0 Segundo balan\u00e7o realizado pelo Instituto Natureza do Tocantins (Naturatins), 32.246 pessoas visitaram um dos principais destinos tur\u00edsticos do Tocantins, 12 mil pessoas a mais que em 2017.<\/p>\n<p>&nbsp;<\/p>\n<p>As dunas ficam localizadas no \u00a0Parque Estadual do Jalap\u00e3o a 35 km do munic\u00edpio de Mateiros. Segundo o presidente do Naturatins, Marcelo Falc\u00e3o, acredita-se que o crescimento do fluxo de visitantes ocorreu em raz\u00e3o de grava\u00e7\u00f5es como, telenovela, programas de televis\u00e3o e reality shows, que ajudaram a divulgar as belezas naturais \u00fanicas da regi\u00e3o para todo o Brasil e tamb\u00e9m internacionalmente.<\/p>\n<p>&nbsp;<\/p>\n<p>Com o aumento do fluxo de visitantes, o Naturatins que \u00e9 respons\u00e1vel pela unidade de conserva\u00e7\u00e3o tamb\u00e9m refor\u00e7ou as medidas de prote\u00e7\u00e3o ambiental na regi\u00e3o.\u00a0 Em 2018, algumas\u00a0 medidas\u00a0 de controle para visita\u00e7\u00e3o foram implantadas, como a restri\u00e7\u00e3o do hor\u00e1rio de entrada. O acesso \u00e0s dunas s\u00f3 \u00e9 liberado no per\u00edodo da tarde, das 14h \u00e0s 18h30.\u00a0 Sendo que o hor\u00e1rio m\u00e1ximo para que os grupos entrem na \u00e1rea das dunas \u00e9 \u00e0s 17h30.<\/p>\n<p>&nbsp;<\/p>\n<p>Na parte da manh\u00e3, s\u00f3 \u00e9 poss\u00edvel visitar a atra\u00e7\u00e3o com autoriza\u00e7\u00e3o especial que \u00e9 exclusiva para quem vai produzir imagens de uso comercial do local, fazer pesquisas ou turmas escolares que estejam em alguma aula de campo.\u00a0 O motivo \u00e9 que o grande fluxo de visitantes que j\u00e1 era recorde em 2017,\u00a0 poderia prejudicar o meio ambiente no local caso a quantidade de turistas n\u00e3o fosse controlada.<\/p>\n<p>&nbsp;<\/p>\n<p>Os visitantes tamb\u00e9m s\u00e3o orientados a n\u00e3o portar bebidas, n\u00e3o fazerem uso de \u00e1lcool e nem de cigarro.\u00a0O diretor de Biodiversidade e \u00c1reas Protegidas do Naturatins, Gilberto Iris de Oliveira, tamb\u00e9m destaca que os visitantes\u00a0 ainda s\u00e3o conscientizados sobre a import\u00e2ncia da preserva\u00e7\u00e3o dos atrativos tur\u00edsticos da regi\u00e3o. \u201c\u00c9 fundamental que os visitantes entendam que o Parque \u00e9 uma unidade de conserva\u00e7\u00e3o integral\u201d, enfatiza.<\/p>\n<p>&nbsp;<\/p>\n<p>Gilberto explica que o Parque Estadual do Jalap\u00e3o \u00e9 um patrim\u00f4nio ambiental muito valioso, portanto, \u00a0requer aten\u00e7\u00e3o especial. Por esse motivo, os visitantes devem ficar atentos \u00e0s normas de visita\u00e7\u00e3o. \u201cCaso o passeio ocorra por conta do visitante, o mesmo deve consultar o Naturatins para obter as informa\u00e7\u00f5es sobre os requisitos para a visita. Caso optem por ag\u00eancias de turismo, \u00e9 sempre importante saber se a operadora est\u00e1 cadastrada no \u00f3rg\u00e3o ambiental\u201d, esclarece.<\/p>\n<p>&nbsp;<\/p>\n<p class=\"yiv0348779827MsoNormal\">Para agendar uma visita \u00e0s dunas, o interessado deve entrar em contato pelo n\u00famero (63) 3534-1072 ou por e-mail no endere\u00e7o\u00a0<a href=\"mailto:pejalapao@naturatins.to.gov.br\" target=\"_blank\" rel=\"nofollow noopener\">pejalapao@naturatins.to.gov.br<\/a>.<\/p>\n<div>\n<div class=\"yiv0348779827gmail_signature\" dir=\"ltr\">\n<div dir=\"ltr\">\n<div>\n<div dir=\"ltr\">\n<div>\n<div dir=\"ltr\">\n<div dir=\"ltr\">\n<div dir=\"ltr\">\n<div dir=\"ltr\">\n<div dir=\"ltr\">\n<div dir=\"ltr\">\n<div dir=\"ltr\">\n<div dir=\"ltr\">\n<div dir=\"ltr\">\n<div dir=\"ltr\">\n<div dir=\"ltr\">\n<div dir=\"ltr\">\n<div dir=\"ltr\">\n<div dir=\"ltr\">\n<div dir=\"ltr\">\n<div><\/div>\n<\/div>\n<\/div>\n<\/div>\n<\/div>\n<\/div>\n<\/div>\n<\/div>\n<\/div>\n<\/div>\n<\/div>\n<\/div>\n<\/div>\n<\/div>\n<\/div>\n<\/div>\n<\/div>\n<\/div>\n<\/div>\n<\/div>\n<\/div>\n<\/div>\n","protected":false},"excerpt":{"rendered":"<p>Com um cen\u00e1rio \u00fanico, as dunas do Jalap\u00e3o\u00a0 registraram recorde de visita\u00e7\u00e3o em 2018.\u00a0 Segundo balan\u00e7o realizado pelo Instituto Natureza do Tocantins (Naturatins), 32.246 pessoas visitaram um dos principais destinos tur\u00edsticos do Tocantins, 12 mil pessoas a mais que em 2017. &nbsp; As dunas ficam localizadas no \u00a0Parque Estadual do Jalap\u00e3o a 35 km do [&hellip;]<\/p>\n","protected":false},"author":2,"featured_media":2230,"comment_status":"open","ping_status":"open","sticky":false,"template":"","format":"standard","meta":[],"categories":[2,3],"tags":[],"_links":{"self":[{"href":"https:\/\/dgospel.com.br\/portal\/index.php\/wp-json\/wp\/v2\/posts\/2229"}],"collection":[{"href":"https:\/\/dgospel.com.br\/portal\/index.php\/wp-json\/wp\/v2\/posts"}],"about":[{"href":"https:\/\/dgospel.com.br\/portal\/index.php\/wp-json\/wp\/v2\/types\/post"}],"author":[{"embeddable":true,"href":"https:\/\/dgospel.com.br\/portal\/index.php\/wp-json\/wp\/v2\/users\/2"}],"replies":[{"embeddable":true,"href":"https:\/\/dgospel.com.br\/portal\/index.php\/wp-json\/wp\/v2\/comments?post=2229"}],"version-history":[{"count":1,"href":"https:\/\/dgospel.com.br\/portal\/index.php\/wp-json\/wp\/v2\/posts\/2229\/revisions"}],"predecessor-version":[{"id":2231,"href":"https:\/\/dgospel.com.br\/portal\/index.php\/wp-json\/wp\/v2\/posts\/2229\/revisions\/2231"}],"wp:featuredmedia":[{"embeddable":true,"href":"https:\/\/dgospel.com.br\/portal\/index.php\/wp-json\/wp\/v2\/media\/2230"}],"wp:attachment":[{"href":"https:\/\/dgospel.com.br\/portal\/index.php\/wp-json\/wp\/v2\/media?parent=2229"}],"wp:term":[{"taxonomy":"category","embeddable":true,"href":"https:\/\/dgospel.com.br\/portal\/index.php\/wp-json\/wp\/v2\/categories?post=2229"},{"taxonomy":"post_tag","embeddable":true,"href":"https:\/\/dgospel.com.br\/portal\/index.php\/wp-json\/wp\/v2\/tags?post=2229"}],"curies":[{"name":"wp","href":"https:\/\/api.w.org\/{rel}","templated":true}]}}