{"id":22301,"date":"2025-09-11T09:19:04","date_gmt":"2025-09-11T12:19:04","guid":{"rendered":"https:\/\/dgospel.com.br\/portal\/?p=22301"},"modified":"2025-09-11T09:19:06","modified_gmt":"2025-09-11T12:19:06","slug":"requerimento-de-gipao-solicita-reducao-das-aliquotas-do-ipva-no-tocantins","status":"publish","type":"post","link":"https:\/\/dgospel.com.br\/portal\/index.php\/2025\/09\/11\/requerimento-de-gipao-solicita-reducao-das-aliquotas-do-ipva-no-tocantins\/","title":{"rendered":"Requerimento de Gip\u00e3o solicita redu\u00e7\u00e3o das al\u00edquotas do IPVA no Tocantins"},"content":{"rendered":"\n<p>O deputado estadual Gip\u00e3o protocolou, na Assembleia Legislativa do Tocantins, um requerimento, solicitando ao governador do estado em exerc\u00edcio e \u00e0 Secretaria da Fazenda a redu\u00e7\u00e3o das al\u00edquotas do IPVA, atualmente fixadas entre 2,5% e 3,5%.<\/p>\n\n\n\n<p>Segundo o parlamentar, a medida tem como objetivo promover justi\u00e7a fiscal, aliviar o peso do tributo para as fam\u00edlias tocantinenses e estimular a economia estadual.<\/p>\n\n\n\n<p><strong>Justi\u00e7a social e est\u00edmulo econ\u00f4mico<\/strong><\/p>\n\n\n\n<p>Gip\u00e3o destacou que o IPVA impacta diretamente trabalhadores e fam\u00edlias de baixa e m\u00e9dia renda, que utilizam o ve\u00edculo como instrumento de trabalho e transporte, sobretudo em regi\u00f5es onde o transporte p\u00fablico \u00e9 insuficiente.<\/p>\n\n\n\n<p>\u201cN\u00e3o podemos admitir que o IPVA se torne um fardo para quem mais precisa. O ve\u00edculo \u00e9, em muitos casos, a \u00fanica ferramenta que garante sustento e dignidade \u00e0 fam\u00edlia. Reduzir a al\u00edquota \u00e9 uma forma de respeitar a capacidade contributiva do cidad\u00e3o e estimular a economia local\u201d, defendeu o deputado.<\/p>\n\n\n\n<p>Ele tamb\u00e9m citou o exemplo do Paran\u00e1, que j\u00e1 anunciou a redu\u00e7\u00e3o de sua al\u00edquota de IPVA a partir de 2026, como forma de incentivar a regulariza\u00e7\u00e3o da frota e diminuir a inadimpl\u00eancia tribut\u00e1ria.<\/p>\n\n\n\n<p><strong>Impactos positivos<\/strong><\/p>\n\n\n\n<p>De acordo com Gip\u00e3o, a redu\u00e7\u00e3o do imposto poder\u00e1 movimentar setores como o com\u00e9rcio de ve\u00edculos, oficinas e servi\u00e7os automotivos, al\u00e9m de aumentar a adimpl\u00eancia e manter a arrecada\u00e7\u00e3o de forma sustent\u00e1vel.<\/p>\n\n\n\n<p>\u201cO excesso de tributa\u00e7\u00e3o em bens essenciais ao trabalho e \u00e0 vida das pessoas compromete a dignidade humana. Nosso mandato est\u00e1 comprometido com medidas que aliviem o bolso do cidad\u00e3o e tragam resultados concretos para a sociedade tocantinense\u201d, refor\u00e7ou.<\/p>\n\n\n\n<p><strong>Pr\u00f3ximos passos<\/strong><\/p>\n\n\n\n<p>O requerimento ser\u00e1 apreciado pelos deputados estaduais e, caso aprovado, ser\u00e1 encaminhado oficialmente ao Executivo Estadual.<\/p>\n","protected":false},"excerpt":{"rendered":"<p>O deputado estadual Gip\u00e3o protocolou, na Assembleia Legislativa do Tocantins, um requerimento, solicitando ao governador do estado em exerc\u00edcio e \u00e0 Secretaria da Fazenda a redu\u00e7\u00e3o das al\u00edquotas do IPVA, atualmente fixadas entre 2,5% e 3,5%. Segundo o parlamentar, a medida tem como objetivo promover justi\u00e7a fiscal, aliviar o peso do tributo para as fam\u00edlias [&hellip;]<\/p>\n","protected":false},"author":2,"featured_media":22302,"comment_status":"open","ping_status":"open","sticky":false,"template":"","format":"standard","meta":[],"categories":[8],"tags":[],"_links":{"self":[{"href":"https:\/\/dgospel.com.br\/portal\/index.php\/wp-json\/wp\/v2\/posts\/22301"}],"collection":[{"href":"https:\/\/dgospel.com.br\/portal\/index.php\/wp-json\/wp\/v2\/posts"}],"about":[{"href":"https:\/\/dgospel.com.br\/portal\/index.php\/wp-json\/wp\/v2\/types\/post"}],"author":[{"embeddable":true,"href":"https:\/\/dgospel.com.br\/portal\/index.php\/wp-json\/wp\/v2\/users\/2"}],"replies":[{"embeddable":true,"href":"https:\/\/dgospel.com.br\/portal\/index.php\/wp-json\/wp\/v2\/comments?post=22301"}],"version-history":[{"count":1,"href":"https:\/\/dgospel.com.br\/portal\/index.php\/wp-json\/wp\/v2\/posts\/22301\/revisions"}],"predecessor-version":[{"id":22303,"href":"https:\/\/dgospel.com.br\/portal\/index.php\/wp-json\/wp\/v2\/posts\/22301\/revisions\/22303"}],"wp:featuredmedia":[{"embeddable":true,"href":"https:\/\/dgospel.com.br\/portal\/index.php\/wp-json\/wp\/v2\/media\/22302"}],"wp:attachment":[{"href":"https:\/\/dgospel.com.br\/portal\/index.php\/wp-json\/wp\/v2\/media?parent=22301"}],"wp:term":[{"taxonomy":"category","embeddable":true,"href":"https:\/\/dgospel.com.br\/portal\/index.php\/wp-json\/wp\/v2\/categories?post=22301"},{"taxonomy":"post_tag","embeddable":true,"href":"https:\/\/dgospel.com.br\/portal\/index.php\/wp-json\/wp\/v2\/tags?post=22301"}],"curies":[{"name":"wp","href":"https:\/\/api.w.org\/{rel}","templated":true}]}}