{"id":22304,"date":"2025-09-11T10:01:23","date_gmt":"2025-09-11T13:01:23","guid":{"rendered":"https:\/\/dgospel.com.br\/portal\/?p=22304"},"modified":"2025-09-11T10:01:24","modified_gmt":"2025-09-11T13:01:24","slug":"deputado-leo-barbosa-comemora-implantacao-de-novos-cursos-de-saude-na-unitins","status":"publish","type":"post","link":"https:\/\/dgospel.com.br\/portal\/index.php\/2025\/09\/11\/deputado-leo-barbosa-comemora-implantacao-de-novos-cursos-de-saude-na-unitins\/","title":{"rendered":"Deputado L\u00e9o Barbosa comemora implanta\u00e7\u00e3o de novos cursos de sa\u00fade na Unitins"},"content":{"rendered":"\n<p>O deputado estadual L\u00e9o Barbosa (Republicanos) comemorou a abertura de quatro novos cursos de gradua\u00e7\u00e3o na \u00e1rea da Sa\u00fade pela Universidade Estadual do Tocantins (Unitins): Fisioterapia, Fonoaudiologia, Psicologia e Terapia Ocupacional. O an\u00fancio foi feito na \u00faltima sexta-feira (5) e representa, segundo o parlamentar, uma conquista importante pela qual ele vem lutando desde 2023.<\/p>\n\n\n\n<p>Na Assembleia Legislativa, L\u00e9o apresentou requerimento solicitando a cria\u00e7\u00e3o dos cursos de Fonoaudiologia e Terapia Ocupacional, diante do d\u00e9ficit de profissionais nessas \u00e1reas no Tocantins. \u00c0 \u00e9poca, destacou que a aus\u00eancia de oferta educacional comprometia o atendimento \u00e0 popula\u00e7\u00e3o, especialmente pessoas com defici\u00eancia e crian\u00e7as com Transtorno do Espectro Autista.<\/p>\n\n\n\n<p>\u201cEssa \u00e9 uma vit\u00f3ria de toda a sociedade tocantinense. Lutamos por esses cursos porque sab\u00edamos do quanto eles fariam diferen\u00e7a na vida de muitas fam\u00edlias, especialmente na garantia de tratamento e acompanhamento especializado. Hoje, vemos esse sonho se concretizar, ampliando o acesso \u00e0 forma\u00e7\u00e3o p\u00fablica e gratuita na \u00e1rea da sa\u00fade\u201d, afirmou Barbosa.<\/p>\n\n\n\n<p>A Unitins informou que as novas gradua\u00e7\u00f5es ser\u00e3o ofertadas no C\u00e2mpus Palmas, com in\u00edcio j\u00e1 no primeiro semestre letivo de 2026. Ao todo, ser\u00e3o 40 vagas por curso, destinadas em parte a estudantes da rede p\u00fablica de ensino, conforme a pol\u00edtica de cotas estabelecida em lei.<\/p>\n\n\n\n<p>Para L\u00e9o Barbosa, a implanta\u00e7\u00e3o refor\u00e7a n\u00e3o apenas o compromisso da Unitins com a educa\u00e7\u00e3o p\u00fablica de qualidade, mas tamb\u00e9m o fortalecimento do Sistema \u00danico de Sa\u00fade (SUS) no Tocantins. \u201cInvestir na forma\u00e7\u00e3o de profissionais \u00e9 investir no futuro da sa\u00fade do nosso Estado. Essa conquista vai gerar oportunidades e melhorar a qualidade de vida da popula\u00e7\u00e3o\u201d, concluiu.<\/p>\n","protected":false},"excerpt":{"rendered":"<p>O deputado estadual L\u00e9o Barbosa (Republicanos) comemorou a abertura de quatro novos cursos de gradua\u00e7\u00e3o na \u00e1rea da Sa\u00fade pela Universidade Estadual do Tocantins (Unitins): Fisioterapia, Fonoaudiologia, Psicologia e Terapia Ocupacional. O an\u00fancio foi feito na \u00faltima sexta-feira (5) e representa, segundo o parlamentar, uma conquista importante pela qual ele vem lutando desde 2023. Na [&hellip;]<\/p>\n","protected":false},"author":2,"featured_media":22305,"comment_status":"open","ping_status":"open","sticky":false,"template":"","format":"standard","meta":[],"categories":[8],"tags":[],"_links":{"self":[{"href":"https:\/\/dgospel.com.br\/portal\/index.php\/wp-json\/wp\/v2\/posts\/22304"}],"collection":[{"href":"https:\/\/dgospel.com.br\/portal\/index.php\/wp-json\/wp\/v2\/posts"}],"about":[{"href":"https:\/\/dgospel.com.br\/portal\/index.php\/wp-json\/wp\/v2\/types\/post"}],"author":[{"embeddable":true,"href":"https:\/\/dgospel.com.br\/portal\/index.php\/wp-json\/wp\/v2\/users\/2"}],"replies":[{"embeddable":true,"href":"https:\/\/dgospel.com.br\/portal\/index.php\/wp-json\/wp\/v2\/comments?post=22304"}],"version-history":[{"count":1,"href":"https:\/\/dgospel.com.br\/portal\/index.php\/wp-json\/wp\/v2\/posts\/22304\/revisions"}],"predecessor-version":[{"id":22306,"href":"https:\/\/dgospel.com.br\/portal\/index.php\/wp-json\/wp\/v2\/posts\/22304\/revisions\/22306"}],"wp:featuredmedia":[{"embeddable":true,"href":"https:\/\/dgospel.com.br\/portal\/index.php\/wp-json\/wp\/v2\/media\/22305"}],"wp:attachment":[{"href":"https:\/\/dgospel.com.br\/portal\/index.php\/wp-json\/wp\/v2\/media?parent=22304"}],"wp:term":[{"taxonomy":"category","embeddable":true,"href":"https:\/\/dgospel.com.br\/portal\/index.php\/wp-json\/wp\/v2\/categories?post=22304"},{"taxonomy":"post_tag","embeddable":true,"href":"https:\/\/dgospel.com.br\/portal\/index.php\/wp-json\/wp\/v2\/tags?post=22304"}],"curies":[{"name":"wp","href":"https:\/\/api.w.org\/{rel}","templated":true}]}}