{"id":22308,"date":"2025-09-11T16:49:45","date_gmt":"2025-09-11T19:49:45","guid":{"rendered":"https:\/\/dgospel.com.br\/portal\/?p=22308"},"modified":"2025-09-11T16:49:46","modified_gmt":"2025-09-11T19:49:46","slug":"perseguicao-religiosa-michelle-bolsonaro-diz-que-nao-pode-fazer-culto-domestico-por-ordem-judicial","status":"publish","type":"post","link":"https:\/\/dgospel.com.br\/portal\/index.php\/2025\/09\/11\/perseguicao-religiosa-michelle-bolsonaro-diz-que-nao-pode-fazer-culto-domestico-por-ordem-judicial\/","title":{"rendered":"Persegui\u00e7\u00e3o religiosa:  Michelle Bolsonaro diz que n\u00e3o pode fazer culto dom\u00e9stico por ordem judicial"},"content":{"rendered":"\n<p>Durante a manifesta\u00e7\u00e3o em 7 de setembro de 2025 na Avenida Paulista, em S\u00e3o Paulo, a ex-primeira-dama&nbsp;<strong><a href=\"https:\/\/guiame.com.br\/gospel\/noticias\/deus-toda-gloria-declara-michelle-bolsonaro-apos-exito-da-cirurgia-de-ex-presidente.html\">Michelle Bolsonaro<\/a><\/strong>&nbsp;fez um discurso emocionado em que denunciou uma \u201cditadura judicial\u201d e afirmou estar tendo sua&nbsp;<strong><a href=\"https:\/\/guiame.com.br\/gospel\/noticias\/projeto-de-lei-que-permite-intervalos-biblicos-nas-escolas-e-aprovado-em-recife.html\">liberdade religiosa<\/a><\/strong>&nbsp;cerceada.<\/p>\n\n\n\n<p>Entre l\u00e1grimas, Michelle afirmou no \u201cReaja Brasil\u201d que n\u00e3o pode mais realizar cultos em sua pr\u00f3pria casa \u201cporque ele [o ministro Alexandre de Moraes] n\u00e3o permitiu\u201d.<\/p>\n\n\n\n<p>\u201cEu estou tendo a minha liberdade religiosa perseguida\u201d, declarou, em tom de indigna\u00e7\u00e3o, dirigindo-se ao pastor&nbsp;<strong><a href=\"https:\/\/guiame.com.br\/gospel\/noticias\/passaporte-de-malafaia-e-apreendido-e-lideres-evangelicos-reagem-momento-sombrio.html\">Silas Malafaia<\/a><\/strong>, que acompanhava o ato.<\/p>\n\n\n\n<p>\u201cO senhor foi o meu pastor, o senhor sabe que eu sempre fiz culto dom\u00e9stico na minha casa. Hoje eu tenho que ir para a casa dos outros para orar, toda semana\u201d.<\/p>\n\n\n\n<p><strong>\u2018Momento dif\u00edcil\u2019<\/strong><\/p>\n\n\n\n<p>A ex-primeira-dama disse que pediu libera\u00e7\u00e3o judicial para \u201cos meus irm\u00e3os para estarem comigo nesse momento dif\u00edcil\u201d. Por\u00e9m, foi negada.<\/p>\n\n\n\n<p>Ela lamentou a \u201cmaldade\u201d enfrentada pela fam\u00edlia e afirmou que, apesar do momento ser dif\u00edcil, mant\u00e9m confian\u00e7a na justi\u00e7a divina:<\/p>\n\n\n\n<p>\u201cEu agrade\u00e7o a Deus porque sei em quem tenho crido (\u2026) nossa na\u00e7\u00e3o vai ser livre dessa ditadura judicial\u201d.<\/p>\n\n\n\n<p>O discurso de Michelle ocorreu em meio a um protesto por liberdade e pela anistia aos presos do \u201c8 de Janeiro\u201d, marcado por forte tom religioso e pol\u00edtico.<\/p>\n\n\n\n<p>Ela criticou os supostos abusos do Supremo Tribunal Federal, afirmando que as&nbsp;<a href=\"https:\/\/guiame.com.br\/gospel\/noticias\/brasil-esta-em-relatorio-dos-eua-sobre-violacao-de-direitos-humanos-e-liberdade-religiosa.html\"><strong>liberdades de express\u00e3o<\/strong><\/a>&nbsp;e religiosa de seu marido, o ex-presidente Jair Bolsonaro, tamb\u00e9m estariam sendo violadas.<\/p>\n\n\n\n<p>Al\u00e9m disso, declarou que o artigo 5\u00ba da Constitui\u00e7\u00e3o brasileira \u2013 que, entre outras garantias, assegura a inviolabilidade do lar e a liberdade de express\u00e3o \u2013 est\u00e1 sendo desrespeitado.<\/p>\n","protected":false},"excerpt":{"rendered":"<p>Durante a manifesta\u00e7\u00e3o em 7 de setembro de 2025 na Avenida Paulista, em S\u00e3o Paulo, a ex-primeira-dama&nbsp;Michelle Bolsonaro&nbsp;fez um discurso emocionado em que denunciou uma \u201cditadura judicial\u201d e afirmou estar tendo sua&nbsp;liberdade religiosa&nbsp;cerceada. Entre l\u00e1grimas, Michelle afirmou no \u201cReaja Brasil\u201d que n\u00e3o pode mais realizar cultos em sua pr\u00f3pria casa \u201cporque ele [o ministro Alexandre [&hellip;]<\/p>\n","protected":false},"author":2,"featured_media":22309,"comment_status":"open","ping_status":"open","sticky":false,"template":"","format":"standard","meta":[],"categories":[12,5],"tags":[],"_links":{"self":[{"href":"https:\/\/dgospel.com.br\/portal\/index.php\/wp-json\/wp\/v2\/posts\/22308"}],"collection":[{"href":"https:\/\/dgospel.com.br\/portal\/index.php\/wp-json\/wp\/v2\/posts"}],"about":[{"href":"https:\/\/dgospel.com.br\/portal\/index.php\/wp-json\/wp\/v2\/types\/post"}],"author":[{"embeddable":true,"href":"https:\/\/dgospel.com.br\/portal\/index.php\/wp-json\/wp\/v2\/users\/2"}],"replies":[{"embeddable":true,"href":"https:\/\/dgospel.com.br\/portal\/index.php\/wp-json\/wp\/v2\/comments?post=22308"}],"version-history":[{"count":1,"href":"https:\/\/dgospel.com.br\/portal\/index.php\/wp-json\/wp\/v2\/posts\/22308\/revisions"}],"predecessor-version":[{"id":22310,"href":"https:\/\/dgospel.com.br\/portal\/index.php\/wp-json\/wp\/v2\/posts\/22308\/revisions\/22310"}],"wp:featuredmedia":[{"embeddable":true,"href":"https:\/\/dgospel.com.br\/portal\/index.php\/wp-json\/wp\/v2\/media\/22309"}],"wp:attachment":[{"href":"https:\/\/dgospel.com.br\/portal\/index.php\/wp-json\/wp\/v2\/media?parent=22308"}],"wp:term":[{"taxonomy":"category","embeddable":true,"href":"https:\/\/dgospel.com.br\/portal\/index.php\/wp-json\/wp\/v2\/categories?post=22308"},{"taxonomy":"post_tag","embeddable":true,"href":"https:\/\/dgospel.com.br\/portal\/index.php\/wp-json\/wp\/v2\/tags?post=22308"}],"curies":[{"name":"wp","href":"https:\/\/api.w.org\/{rel}","templated":true}]}}