{"id":22314,"date":"2025-09-11T17:01:00","date_gmt":"2025-09-11T20:01:00","guid":{"rendered":"https:\/\/dgospel.com.br\/portal\/?p=22314"},"modified":"2025-09-11T17:01:01","modified_gmt":"2025-09-11T20:01:01","slug":"quantidade-de-ataques-a-nomes-da-direita-chama-a-atencao","status":"publish","type":"post","link":"https:\/\/dgospel.com.br\/portal\/index.php\/2025\/09\/11\/quantidade-de-ataques-a-nomes-da-direita-chama-a-atencao\/","title":{"rendered":"Quantidade de ataques a nomes da direita chama a aten\u00e7\u00e3o"},"content":{"rendered":"\n<p>Nos \u00faltimos anos, uma sequ\u00eancia de atentados, assassinatos e tentativas de homic\u00eddio envolvendo lideran\u00e7as pol\u00edticas e nomes da direita passou a chamar a aten\u00e7\u00e3o no&nbsp;<a href=\"http:\/\/pleno.news\/tag\/brasil\" target=\"_blank\" rel=\"noreferrer noopener\">Brasil<\/a>&nbsp;e no mundo. Epis\u00f3dios que antes pareciam apenas fatos isolados, agora se acumulam numa linha do tempo marcada por viol\u00eancia pol\u00edtica.<\/p>\n\n\n\n<p>De candidatos latino-americanos a comentaristas e at\u00e9 o pr\u00f3prio presidente dos Estados Unidos, esses ataques atingem personalidades que ocupam ou ocuparam espa\u00e7os de destaque na direita. Em comum, h\u00e1 o fato de que quase todos ocorreram em ambientes p\u00fablicos, durante eventos, discursos ou campanhas, num contexto de alta polariza\u00e7\u00e3o pol\u00edtica.<\/p>\n\n\n\n<p>O fen\u00f4meno acende alertas em diferentes democracias sobre seguran\u00e7a de figuras p\u00fablicas, radicaliza\u00e7\u00e3o de discursos e riscos de viol\u00eancia motivada por ideologia. Casos recentes, como o assassinato do pr\u00e9-candidato a presidente da Col\u00f4mbia Miguel Uribe Turbay e a morte do comentarista americano&nbsp;<a href=\"http:\/\/pleno.news\/tag\/charlie-kirk\" target=\"_blank\" rel=\"noreferrer noopener\">Charlie Kirk<\/a>, confirmam que esse tipo de viol\u00eancia n\u00e3o est\u00e1 restrito a uma regi\u00e3o ou a um pa\u00eds.<\/p>\n\n\n\n<p>Veja os principais epis\u00f3dios envolvendo essas personalidades:<\/p>\n\n\n\n<p><strong>JAIR BOLSONARO<\/strong><\/p>\n\n\n\n<figure class=\"wp-block-image\"><img src=\"https:\/\/static.cdn.pleno.news\/2024\/07\/145_43001978.190001-1024x632.jpg\" alt=\"\" class=\"wp-image-1354403\"\/><figcaption>Jair Bolsonaro, logo ap\u00f3s ser esfaqueado em Juiz de Fora, em 2018&nbsp;Foto: Fabio Motta\/Estad\u00e3o<\/figcaption><\/figure>\n\n\n\n<p>O ex-presidente do Brasil&nbsp;<a href=\"https:\/\/pleno.news\/brasil\/eleicoes-2018\/bolsonaro-e-atacado-durante-evento-em-juiz-de-fora.html\" target=\"_blank\" rel=\"noreferrer noopener\">foi v\u00edtima de um atentado durante a campanha eleitoral de 2018<\/a>, quando ainda era candidato ao cargo mais alto do Executivo brasileiro. Em 6 de setembro daquele ano, enquanto era carregado por apoiadores em Juiz de Fora (MG), Bolsonaro levou uma facada no abd\u00f4men desferida por Ad\u00e9lio Bispo de Oliveira.<\/p>\n\n\n\n<p>O ataque, que quase lhe custou a vida, mudou o curso n\u00e3o somente daquela campanha, mas tamb\u00e9m da pr\u00f3pria vida do l\u00edder conservador. Desde ent\u00e3o, Bolsonaro j\u00e1 precisou passar por v\u00e1rias cirurgias e ficou com sequelas permanentes no aparelho digestivo, que com frequ\u00eancia geram a ele problemas de sa\u00fade. Ad\u00e9lio, por sua vez, foi considerado inimput\u00e1vel e cumpre medida de seguran\u00e7a.<\/p>\n\n\n\n<p><strong>SHINZO ABE<\/strong><\/p>\n\n\n\n<figure class=\"wp-block-image\"><img src=\"https:\/\/static.cdn.pleno.news\/2018\/08\/636691206391604219-e1657275829583-1024x638.jpg\" alt=\"\" class=\"wp-image-156199\"\/><figcaption>Ex-primeiro ministro japon\u00eas, Shinzo Abe&nbsp;Foto: EFE\/ JIJI PRESS<\/figcaption><\/figure>\n\n\n\n<p>Ex-primeiro-ministro do Jap\u00e3o e figura central da ala conservadora do Partido Liberal Democrata, Abe&nbsp;<a href=\"https:\/\/pleno.news\/mundo\/politica-internacional\/ex-premie-do-japao-shinzo-abe-morre-apos-ser-baleado.html\" target=\"_blank\" rel=\"noreferrer noopener\">foi assassinado em 8 de julho de 2022<\/a>&nbsp;durante um discurso em Nara. O atirador, Tetsuya Yamagami, usou uma arma artesanal. Primeiro-ministro japon\u00eas entre 2006 e 2007, e depois entre 2012 e 2020, Abe foi o premi\u00ea mais longevo do pa\u00eds. O crime abalou o pa\u00eds e gerou forte como\u00e7\u00e3o internacional.<\/p>\n\n\n\n<p><strong>DONALD TRUMP<\/strong><\/p>\n\n\n\n<figure class=\"wp-block-image\"><img src=\"https:\/\/static.cdn.pleno.news\/2024\/07\/a2334c3b936cff7f5e880c1f68ea270bf1e4eda5w-1024x699.jpg\" alt=\"\" class=\"wp-image-1352712\"\/><figcaption>Donald Trump sendo retirado de com\u00edcio ap\u00f3s atentado&nbsp;Foto: EFE\/EPA\/DAVID MAXWELL<\/figcaption><\/figure>\n\n\n\n<p>O presidente americano sofreu tr\u00eas tentativas de assassinato em 2024 durante a campanha presidencial que culminou em seu retorno \u00e0 Casa Branca. Em 13 de julho do ano passado, ele foi atingido de&nbsp;<a href=\"https:\/\/pleno.news\/mundo\/veja-o-que-se-sabe-sobre-o-atirador-que-tentou-matar-donald-trump.html\" target=\"_blank\" rel=\"noreferrer noopener\">rasp\u00e3o na orelha durante um com\u00edcio em Butler<\/a>, Pensilv\u00e2nia. O atirador, Thomas Matthew Crooks, fez v\u00e1rios disparos de um telhado antes de ser morto por um sniper do Servi\u00e7o Secreto.<\/p>\n\n\n\n<p>Em 15 de setembro, um homem identificado como&nbsp;<a href=\"https:\/\/pleno.news\/mundo\/homem-e-preso-suspeito-de-atirar-contra-trump-em-campo-de-golfe.html\" target=\"_blank\" rel=\"noreferrer noopener\">Ryan Wesley Routh<\/a>&nbsp;foi preso ap\u00f3s a seguran\u00e7a de Trump visualizar o que parecia ser um fuzil em um arbusto perto do clube de golfe onde o republicano estava, em West Palm Beach, na Fl\u00f3rida. Na ocasi\u00e3o, a equipe de Trump respondeu com tiros, mas o homem fugiu, sendo capturado minutos depois em uma blitz. Perto do campo, os agentes acharam um fuzil AK-47 e uma GoPro.<\/p>\n\n\n\n<p>J\u00e1 em 12 de outubro, autoridades da Calif\u00f3rnia afirmaram ter&nbsp;<a href=\"https:\/\/pleno.news\/mundo\/politica-internacional\/homem-fortemente-armado-e-preso-perto-de-comicio-de-trump.html\" target=\"_blank\" rel=\"noreferrer noopener\">impedido um terceiro atentado contra o republicano<\/a>&nbsp;durante um com\u00edcio em Coachella. O suspeito, identificado como Vem Miller, foi detido muito pr\u00f3ximo ao palco, a bordo de uma SUV, armado com um rev\u00f3lver e um carregador de alta capacidade.<\/p>\n\n\n\n<p><strong>MIGUEL URIBE<\/strong><\/p>\n\n\n\n<figure class=\"wp-block-image\"><img src=\"https:\/\/static.cdn.pleno.news\/2025\/06\/e8afc405471150d79db6f96b1671753fe26c2073w-1024x683.jpg\" alt=\"\" class=\"wp-image-1516543\"\/><figcaption>Miguel Uribe Turbay&nbsp;Foto: EFE\/ Carlos Ortega ARCHIVO<\/figcaption><\/figure>\n\n\n\n<p>Senador e pr\u00e9-candidato \u00e0 Presid\u00eancia da Col\u00f4mbia, Miguel Uribe Turbay&nbsp;<a href=\"https:\/\/pleno.news\/mundo\/politica-internacional\/morre-miguel-uribe-candidato-da-colombia-baleado-em-discurso.html\" target=\"_blank\" rel=\"noreferrer noopener\">morreu em 11 de agosto deste ano<\/a>&nbsp;ap\u00f3s ficar mais de dois meses internado. Ele havia sido baleado na cabe\u00e7a em Bogot\u00e1, em 7 de junho. O atentado chocou a opini\u00e3o p\u00fablica colombiana, marcada por um hist\u00f3rico de viol\u00eancia pol\u00edtica.<\/p>\n\n\n\n<p>Um adolescente de 15 anos foi preso acusado de disparar contra Uribe. O caso teve repercuss\u00e3o at\u00e9 nos Estados Unidos, onde autoridades americanas responsabilizaram a \u201cret\u00f3rica\u201d do governo de Gustavo Petro pela escalada da viol\u00eancia. Petro, por sua vez, condenou o uso pol\u00edtico do atentado e insinuou que a a\u00e7\u00e3o pode ter sido orquestrada para desestabilizar seu governo.<\/p>\n\n\n\n<p><strong>FERNANDO VILLAVICENCIO<\/strong><\/p>\n\n\n\n<figure class=\"wp-block-image\"><img src=\"https:\/\/static.cdn.pleno.news\/2023\/08\/5f20f0d1e946efa58dad522a548da1c9a1db0001miniw.jpg\" alt=\"\" class=\"wp-image-1185075\"\/><figcaption>Fernando Villavicencio&nbsp;Foto: EFE\/ Jos\u00e9 J\u00e1come \/ARCHIVO<\/figcaption><\/figure>\n\n\n\n<p>Candidato \u00e0 Presid\u00eancia do Equador em 2023 e jornalista investigativo,&nbsp;<a href=\"https:\/\/pleno.news\/mundo\/equador-candidato-a-presidente-e-assassinado-apos-evento.html\" target=\"_blank\" rel=\"noreferrer noopener\">Villavicencio foi morto<\/a>&nbsp;com tr\u00eas tiros na cabe\u00e7a em 9 de agosto daquele ano, em Quito, logo ap\u00f3s um com\u00edcio. Seu assassinato, que aconteceu menos de duas semanas antes das elei\u00e7\u00f5es daquele ano, intensificou o clima de inseguran\u00e7a no pa\u00eds e marcou a campanha eleitoral.<\/p>\n\n\n\n<p><strong>CHARLIE KIRK<\/strong><\/p>\n\n\n\n<figure class=\"wp-block-image\"><img src=\"https:\/\/static.cdn.pleno.news\/2025\/09\/8022246381001w-1024x683.jpg\" alt=\"\" class=\"wp-image-1564277\"\/><figcaption>Charlie Kirk&nbsp;Foto: EFE\/EPA\/CRISTOBAL HERRERA-ULASHKEVICH<\/figcaption><\/figure>\n\n\n\n<p>Fundador da Turning Point USA em 2012 e um dos comentaristas conservadores mais conhecidos dos EUA,&nbsp;<a href=\"https:\/\/pleno.news\/mundo\/morre-charlie-kirk-apoiador-de-trump-baleado-em-universidade.html\" target=\"_blank\" rel=\"noreferrer noopener\">Kirk morreu baleado<\/a>&nbsp;com um tiro na jugular em 10 de setembro de 2025 durante um evento na Universidade de Utah Valley. A morte foi confirmada pelo presidente Donald Trump em postagem no Truth Social, na qual exaltou a trajet\u00f3ria do aliado e enviou condol\u00eancias \u00e0 esposa e \u00e0 fam\u00edlia.<\/p>\n\n\n\n<p>Kirk havia se tornado um dos s\u00edmbolos do conservadorismo juvenil nos Estados Unidos, sendo pr\u00f3ximo de Trump e presen\u00e7a constante em programas de TV e podcasts. Ele tamb\u00e9m apresentava o popular podcast<em>&nbsp;The Charlie Kirk Show<\/em>&nbsp;e era autor de tr\u00eas livros.<\/p>\n","protected":false},"excerpt":{"rendered":"<p>Nos \u00faltimos anos, uma sequ\u00eancia de atentados, assassinatos e tentativas de homic\u00eddio envolvendo lideran\u00e7as pol\u00edticas e nomes da direita passou a chamar a aten\u00e7\u00e3o no&nbsp;Brasil&nbsp;e no mundo. Epis\u00f3dios que antes pareciam apenas fatos isolados, agora se acumulam numa linha do tempo marcada por viol\u00eancia pol\u00edtica. De candidatos latino-americanos a comentaristas e at\u00e9 o pr\u00f3prio presidente [&hellip;]<\/p>\n","protected":false},"author":2,"featured_media":22315,"comment_status":"open","ping_status":"open","sticky":false,"template":"","format":"standard","meta":[],"categories":[4],"tags":[13],"_links":{"self":[{"href":"https:\/\/dgospel.com.br\/portal\/index.php\/wp-json\/wp\/v2\/posts\/22314"}],"collection":[{"href":"https:\/\/dgospel.com.br\/portal\/index.php\/wp-json\/wp\/v2\/posts"}],"about":[{"href":"https:\/\/dgospel.com.br\/portal\/index.php\/wp-json\/wp\/v2\/types\/post"}],"author":[{"embeddable":true,"href":"https:\/\/dgospel.com.br\/portal\/index.php\/wp-json\/wp\/v2\/users\/2"}],"replies":[{"embeddable":true,"href":"https:\/\/dgospel.com.br\/portal\/index.php\/wp-json\/wp\/v2\/comments?post=22314"}],"version-history":[{"count":1,"href":"https:\/\/dgospel.com.br\/portal\/index.php\/wp-json\/wp\/v2\/posts\/22314\/revisions"}],"predecessor-version":[{"id":22316,"href":"https:\/\/dgospel.com.br\/portal\/index.php\/wp-json\/wp\/v2\/posts\/22314\/revisions\/22316"}],"wp:featuredmedia":[{"embeddable":true,"href":"https:\/\/dgospel.com.br\/portal\/index.php\/wp-json\/wp\/v2\/media\/22315"}],"wp:attachment":[{"href":"https:\/\/dgospel.com.br\/portal\/index.php\/wp-json\/wp\/v2\/media?parent=22314"}],"wp:term":[{"taxonomy":"category","embeddable":true,"href":"https:\/\/dgospel.com.br\/portal\/index.php\/wp-json\/wp\/v2\/categories?post=22314"},{"taxonomy":"post_tag","embeddable":true,"href":"https:\/\/dgospel.com.br\/portal\/index.php\/wp-json\/wp\/v2\/tags?post=22314"}],"curies":[{"name":"wp","href":"https:\/\/api.w.org\/{rel}","templated":true}]}}