{"id":2232,"date":"2019-01-07T11:38:28","date_gmt":"2019-01-07T13:38:28","guid":{"rendered":"http:\/\/dgospel.com.br\/portal\/?p=2232"},"modified":"2019-01-07T11:38:28","modified_gmt":"2019-01-07T13:38:28","slug":"em-meio-a-ataques-de-faccoes-igreja-levanta-clamor-pedimos-paz-sobre-o-ceara","status":"publish","type":"post","link":"https:\/\/dgospel.com.br\/portal\/index.php\/2019\/01\/07\/em-meio-a-ataques-de-faccoes-igreja-levanta-clamor-pedimos-paz-sobre-o-ceara\/","title":{"rendered":"Em meio a ataques de fac\u00e7\u00f5es, igreja levanta clamor: &#8220;Pedimos paz sobre o Cear\u00e1&#8221;"},"content":{"rendered":"<p><iframe loading=\"lazy\" title=\"Pastor convoca igreja a orar pelas autoridades em meio ao caos no Cear\u00e1\" width=\"630\" height=\"354\" src=\"https:\/\/www.youtube.com\/embed\/cGqDIp8kRCs?feature=oembed\" frameborder=\"0\" allow=\"accelerometer; autoplay; encrypted-media; gyroscope; picture-in-picture\" allowfullscreen><\/iframe><\/p>\n<p>&#8220;As elei\u00e7\u00f5es passaram e a minha palavra pastoral precisa ser observada. Qual \u00e9 o papel do crente agora? Orar pelas autoridades institu\u00eddas. \u00c9 triste que um crente n\u00e3o entenda isso&#8221;. O alerta do Rev. Elizeu Dourado de Lima foi dado no \u00faltimo domingo (6) \u00e0 Igreja Presbiteriana de\u00a0<strong><a href=\"https:\/\/guiame.com.br\/gospel\/mundo-cristao\/evangelicos-de-fortaleza-se-unem-para-clamar-pelo-brasil-declaramos-o-poder-de-deus.html\">Fortaleza<\/a><\/strong>, devido \u00e0 grande quantidade de ataques de fac\u00e7\u00f5es por toda a capital cearense e regi\u00e3o metropolitana.<\/p>\n<p>Em menos de uma semana, mais de 120 ataques j\u00e1 foram registrados e a popula\u00e7\u00e3o tem sido amplamente afetada, devido ao receio de sair de casa e a redu\u00e7\u00e3o das frotas de transporte p\u00fablico na cidade.<\/p>\n<p>Segundo o l\u00edder crist\u00e3o, o atual momento ca\u00f3tico que Fortaleza vive pede mais que meras discuss\u00f5es partid\u00e1rias, mas sim a uni\u00e3o da Igreja em ora\u00e7\u00e3o pelo bem da cidade e pelas autoridades de todas as esferas.<\/p>\n<p>&#8220;\u00c9 interessante que neste momento de guerra contra o governo, fac\u00e7\u00f5es inimigas se unem para enfrentar para desafiar as autoridades e crentes em Cristo Jesus se desunem. O que \u00e9 isso? Voc\u00ea n\u00e3o pode permitir essas conversas dentro da igreja. Amea\u00e7a o v\u00ednculo da paz. Respeite o que o outro fez nas elei\u00e7\u00f5es&#8221;, destacou o pastor. &#8220;\u00c9 triste para que um crente ore para que o governo federal n\u00e3o v\u00e1 bem. \u00c9 triste que um crente ore para que um governo estadual n\u00e3o v\u00e1 bem. \u00c9 triste que um crente tor\u00e7a para um governo municipal n\u00e3o ter \u00eaxito&#8221;.<\/p>\n<p>&#8220;Quero conclamar a Igreja, porque n\u00f3s temos um presidente que se chama Jair Messias Bolsonaro. N\u00e3o tem como voc\u00ea dizer que n\u00e3o tem presidente &#8216;porque voc\u00ea n\u00e3o votou&#8217;. A palavra pastoral precisa ser dura neste momento, porque j\u00e1 estamos enfrentando coisas assim na igreja. \u00c9 uma ignor\u00e2ncia um crente dizer que n\u00e3o tem um presidente &#8216;porque n\u00e3o votou&#8217;. Vamos esperar as coisas andarem e vamos orar&#8221;, acrescentou.<\/p>\n<p>Apesar do presidente Jair Bolsonaro ter sido eleito com amplo apoio dos evang\u00e9licos, pastor Elizeu lembrou que o governador do Cear\u00e1, Camilo Santana (PT) precisa ser alvo das ora\u00e7\u00f5es da Igreja, mesmo se mostrando como oposi\u00e7\u00e3o ao governo federal.<\/p>\n<p>&#8220;N\u00f3s temos um governador que se chama Camilo Santana. \u00c9 triste um pastor dizer: &#8216;Bom, eu n\u00e3o tenho governador, porque eu n\u00e3o gosto dele, n\u00e3o gosto do partido dele&#8217;. O crente \u00e9 chamado para orar por todas as autoridades constitu\u00eddas (Romanos 13)&#8221;, afirmou.<\/p>\n<p>&#8220;Ou n\u00f3s obedecemos a Palavra ou vamos continuar colocando no centro do nosso cora\u00e7\u00e3o a posi\u00e7\u00e3o partid\u00e1ria. Isso \u00e9 s\u00e9rio. Gente saindo da igreja por causa de pol\u00edtica. Posso dizer em alto e bom tom, sem me arrepender: isso n\u00e3o \u00e9 um crente, \u00e9 algu\u00e9m de conveni\u00eancia&#8221;, acresentou.<\/p>\n<p>O pastor continuou, explicando que se um governo n\u00e3o for aprovado por Deus, \u00e9 Ele pr\u00f3prio quem se encarrega de destituir as autoridades, mas que agora a Igreja em Fortaleza tem sido afligida com um prop\u00f3sito maior.<\/p>\n<p>&#8220;Se n\u00e3o for no caminho aprovado por Deus, [o governo] cai na esfera federal, na esfera estadual e na esfera municipal. Mas isso compete a Ele&#8221;, disse. &#8220;Quando Ele [Deus] aflige a Igreja, tem um motivo. Ele quer curar a Igreja. A Igreja n\u00e3o deve ter medo de partido A, partido B. A Igreja \u00e9 aquela que avan\u00e7a no evangelho de Cristo Jesus&#8221;.<\/p>\n<p>Ap\u00f3s sua palavra de alerta \u00e0 igreja, o pastor convocou a todos os presentes para participarem de um clamor pela paz e pelas autoridades. &#8220;Oh Deus amado, queremos pedir paz sobre o nosso Cear\u00e1, sobre o nosso Nordeste&#8221;, orou o pastor.<\/p>\n<p>Confira no v\u00eddeo acima.<\/p>\n<p>FONTE: GUIAME, JO\u00c3O NETO<\/p>\n","protected":false},"excerpt":{"rendered":"<p>&#8220;As elei\u00e7\u00f5es passaram e a minha palavra pastoral precisa ser observada. Qual \u00e9 o papel do crente agora? Orar pelas autoridades institu\u00eddas. \u00c9 triste que um crente n\u00e3o entenda isso&#8221;. O alerta do Rev. Elizeu Dourado de Lima foi dado no \u00faltimo domingo (6) \u00e0 Igreja Presbiteriana de\u00a0Fortaleza, devido \u00e0 grande quantidade de ataques de [&hellip;]<\/p>\n","protected":false},"author":2,"featured_media":2233,"comment_status":"open","ping_status":"open","sticky":false,"template":"","format":"standard","meta":[],"categories":[2,5,6],"tags":[],"_links":{"self":[{"href":"https:\/\/dgospel.com.br\/portal\/index.php\/wp-json\/wp\/v2\/posts\/2232"}],"collection":[{"href":"https:\/\/dgospel.com.br\/portal\/index.php\/wp-json\/wp\/v2\/posts"}],"about":[{"href":"https:\/\/dgospel.com.br\/portal\/index.php\/wp-json\/wp\/v2\/types\/post"}],"author":[{"embeddable":true,"href":"https:\/\/dgospel.com.br\/portal\/index.php\/wp-json\/wp\/v2\/users\/2"}],"replies":[{"embeddable":true,"href":"https:\/\/dgospel.com.br\/portal\/index.php\/wp-json\/wp\/v2\/comments?post=2232"}],"version-history":[{"count":1,"href":"https:\/\/dgospel.com.br\/portal\/index.php\/wp-json\/wp\/v2\/posts\/2232\/revisions"}],"predecessor-version":[{"id":2234,"href":"https:\/\/dgospel.com.br\/portal\/index.php\/wp-json\/wp\/v2\/posts\/2232\/revisions\/2234"}],"wp:featuredmedia":[{"embeddable":true,"href":"https:\/\/dgospel.com.br\/portal\/index.php\/wp-json\/wp\/v2\/media\/2233"}],"wp:attachment":[{"href":"https:\/\/dgospel.com.br\/portal\/index.php\/wp-json\/wp\/v2\/media?parent=2232"}],"wp:term":[{"taxonomy":"category","embeddable":true,"href":"https:\/\/dgospel.com.br\/portal\/index.php\/wp-json\/wp\/v2\/categories?post=2232"},{"taxonomy":"post_tag","embeddable":true,"href":"https:\/\/dgospel.com.br\/portal\/index.php\/wp-json\/wp\/v2\/tags?post=2232"}],"curies":[{"name":"wp","href":"https:\/\/api.w.org\/{rel}","templated":true}]}}