{"id":22321,"date":"2025-09-16T15:53:07","date_gmt":"2025-09-16T18:53:07","guid":{"rendered":"https:\/\/dgospel.com.br\/portal\/?p=22321"},"modified":"2025-09-16T15:53:08","modified_gmt":"2025-09-16T18:53:08","slug":"prefeitura-de-palmas-realiza-palestras-e-acoes-educativas-durante-a-semana-nacional-do-transito","status":"publish","type":"post","link":"https:\/\/dgospel.com.br\/portal\/index.php\/2025\/09\/16\/prefeitura-de-palmas-realiza-palestras-e-acoes-educativas-durante-a-semana-nacional-do-transito\/","title":{"rendered":"Prefeitura de Palmas realiza palestras e a\u00e7\u00f5es educativas durante a Semana Nacional do Tr\u00e2nsito"},"content":{"rendered":"\n<p>A Prefeitura de Palmas, por meio da Secretaria Municipal de Mobilidade Urbana (Semob), realiza, entre os dias 18 e 25 deste m\u00eas, a Semana Nacional de Tr\u00e2nsito, que, neste ano, traz o tema \u2018Comprometa-se com a Vida\u2019. Mas a programa\u00e7\u00e3o de palestras e as atividades educativas come\u00e7aram j\u00e1 no in\u00edcio do m\u00eas de setembro.<\/p>\n\n\n\n<p>Nesta ter\u00e7a-feira , 16, os alunos do Centro Municipal de Educa\u00e7\u00e3o Infantil (Cmei) Cantinho da Alegria, no Santa B\u00e1rbara, receberam a visita da equipe de agentes de Tr\u00e2nsito da Semob, em especial da \u2018Agente Mobilete\u2019. Durante toda a manh\u00e3, as crian\u00e7as aprenderam sobre no\u00e7\u00f5es b\u00e1sicas de cidadania no tr\u00e2nsito, com din\u00e2micas interativas e brincadeiras pedag\u00f3gicas.<\/p>\n\n\n\n<p>Para a diretora da unidade educacional, Goiandira Clementes dos Santos, \u201co dia de atividades foi o fechamento ideal que complementou uma semana inteira de ensinamentos sobre seguran\u00e7a no tr\u00e2nsito. Para as nossas crian\u00e7as esse aprendizado representa um futuro mais consciente sobre os cuidados que devemos ter no tr\u00e2nsito\u201d.<\/p>\n\n\n\n<p>Para o secret\u00e1rio municipal de Mobilidade Urbana, Francisco Seixas, a data \u00e9 uma oportunidade para refor\u00e7ar a import\u00e2ncia do cuidado nas vias. \u201cNossas campanhas sempre refor\u00e7am que toda a aten\u00e7\u00e3o deve sempre estar voltada \u00e0 preserva\u00e7\u00e3o da vida\u201d, destaca.<\/p>\n\n\n\n<p><strong>Programa\u00e7\u00e3o<br><\/strong><br>Na quinta-feira, 18, a Escola de Tempo Integral (ETI) Beatriz Rodrigues receber\u00e1 uma palestra dos palha\u00e7os Batatinha &amp; Cocada. Os alunos tamb\u00e9m ter\u00e3o a presen\u00e7a do Amarelinho, mascote da Mobilidade Urbana. \u00c0 noite, haver\u00e1 uma blitz educativa na regi\u00e3o do Est\u00e1dio Nilton Santos.<\/p>\n\n\n\n<p>Na sexta-feira, 19, a a\u00e7\u00e3o ser\u00e1 realizada na ETI Olga Ben\u00e1rio. As atividades continuam nos dias 22, 23 e 24, nas ETIs Fid\u00eancio Bogo, Santa B\u00e1rbara e Luis Rodrigues Monteiro, respectivamente. Nos dias 22 e 24 tamb\u00e9m ocorrer\u00e3o blitze educativas na Avenida Teot\u00f4nio Segurado e no Jardim Aureny III. Nos dias 25 e 26, est\u00e1 prevista a realiza\u00e7\u00e3o de palestras nas escolas Uperim e Aquarela.<\/p>\n\n\n\n<p><strong>Rodas de conversa<br><\/strong><br>Durante a semana, tamb\u00e9m ser\u00e3o promovidas rodas de conversa para servidores da pasta e convidados, com foco nos principais temas ligados \u00e0 mobilidade e seguran\u00e7a vi\u00e1ria. A programa\u00e7\u00e3o, com diversos temas, seguir\u00e1 at\u00e9 o dia 25, quando, no Dia Nacional do Tr\u00e2nsito, ser\u00e3o debatidas a\u00e7\u00f5es afirmativas para fortalecer a educa\u00e7\u00e3o no tr\u00e2nsito.<\/p>\n","protected":false},"excerpt":{"rendered":"<p>A Prefeitura de Palmas, por meio da Secretaria Municipal de Mobilidade Urbana (Semob), realiza, entre os dias 18 e 25 deste m\u00eas, a Semana Nacional de Tr\u00e2nsito, que, neste ano, traz o tema \u2018Comprometa-se com a Vida\u2019. Mas a programa\u00e7\u00e3o de palestras e as atividades educativas come\u00e7aram j\u00e1 no in\u00edcio do m\u00eas de setembro. Nesta [&hellip;]<\/p>\n","protected":false},"author":2,"featured_media":22322,"comment_status":"open","ping_status":"open","sticky":false,"template":"","format":"standard","meta":[],"categories":[3],"tags":[13],"_links":{"self":[{"href":"https:\/\/dgospel.com.br\/portal\/index.php\/wp-json\/wp\/v2\/posts\/22321"}],"collection":[{"href":"https:\/\/dgospel.com.br\/portal\/index.php\/wp-json\/wp\/v2\/posts"}],"about":[{"href":"https:\/\/dgospel.com.br\/portal\/index.php\/wp-json\/wp\/v2\/types\/post"}],"author":[{"embeddable":true,"href":"https:\/\/dgospel.com.br\/portal\/index.php\/wp-json\/wp\/v2\/users\/2"}],"replies":[{"embeddable":true,"href":"https:\/\/dgospel.com.br\/portal\/index.php\/wp-json\/wp\/v2\/comments?post=22321"}],"version-history":[{"count":1,"href":"https:\/\/dgospel.com.br\/portal\/index.php\/wp-json\/wp\/v2\/posts\/22321\/revisions"}],"predecessor-version":[{"id":22323,"href":"https:\/\/dgospel.com.br\/portal\/index.php\/wp-json\/wp\/v2\/posts\/22321\/revisions\/22323"}],"wp:featuredmedia":[{"embeddable":true,"href":"https:\/\/dgospel.com.br\/portal\/index.php\/wp-json\/wp\/v2\/media\/22322"}],"wp:attachment":[{"href":"https:\/\/dgospel.com.br\/portal\/index.php\/wp-json\/wp\/v2\/media?parent=22321"}],"wp:term":[{"taxonomy":"category","embeddable":true,"href":"https:\/\/dgospel.com.br\/portal\/index.php\/wp-json\/wp\/v2\/categories?post=22321"},{"taxonomy":"post_tag","embeddable":true,"href":"https:\/\/dgospel.com.br\/portal\/index.php\/wp-json\/wp\/v2\/tags?post=22321"}],"curies":[{"name":"wp","href":"https:\/\/api.w.org\/{rel}","templated":true}]}}