{"id":22330,"date":"2025-09-18T08:40:23","date_gmt":"2025-09-18T11:40:23","guid":{"rendered":"https:\/\/dgospel.com.br\/portal\/?p=22330"},"modified":"2025-09-18T08:40:24","modified_gmt":"2025-09-18T11:40:24","slug":"banco-do-povo-de-palmas-ganha-primeiro-regimento-interno-e-consolida-nova-fase-de-retorno-das-atividades","status":"publish","type":"post","link":"https:\/\/dgospel.com.br\/portal\/index.php\/2025\/09\/18\/banco-do-povo-de-palmas-ganha-primeiro-regimento-interno-e-consolida-nova-fase-de-retorno-das-atividades\/","title":{"rendered":"Banco do Povo de Palmas ganha primeiro Regimento Interno e consolida nova fase de retorno das atividades"},"content":{"rendered":"\n<p>A Prefeitura Municipal de Palmas, por meio da Secretaria Municipal de Desenvolvimento Econ\u00f4mico e Empreendedorismo (Sedeem), publicou na \u00faltima semana o Decreto n\u00ba 2.767\/2025, que institui o primeiro Regimento Interno do Banco do Povo de Palmas. A medida marca um avan\u00e7o in\u00e9dito na hist\u00f3ria da institui\u00e7\u00e3o, consolidando sua reestrutura\u00e7\u00e3o administrativa e operacional, iniciada em janeiro deste ano, com a nova gest\u00e3o municipal.<\/p>\n\n\n\n<p>A regulamenta\u00e7\u00e3o define normas claras de funcionamento, governan\u00e7a e gest\u00e3o dos recursos, garantindo mais seguran\u00e7a, transpar\u00eancia e efici\u00eancia na aplica\u00e7\u00e3o dos cr\u00e9ditos voltados aos pequenos empreendedores da Capital.<\/p>\n\n\n\n<p>Para o secret\u00e1rio municipal de Desenvolvimento Econ\u00f4mico e Empreendedorismo, Henrique Nesello, a regulamenta\u00e7\u00e3o marca uma nova fase da institui\u00e7\u00e3o.<\/p>\n\n\n\n<p>\u201cA cria\u00e7\u00e3o do Regimento Interno \u00e9 um marco na hist\u00f3ria do Banco do Povo. Estamos transformando o Banco em uma ferramenta eficiente, transparente e acess\u00edvel, que aproxima o poder p\u00fablico de quem realmente precisa. \u00c9 uma conquista para toda a cidade, especialmente para quem empreende na base da economia\u201d, destacou.<\/p>\n\n\n\n<p><strong>Retorno das atividades<\/strong><\/p>\n\n\n\n<p>A institui\u00e7\u00e3o, que teve as concess\u00f5es de empr\u00e9stimos temporariamente suspensas para reestrutura\u00e7\u00e3o, atualmente est\u00e1 em pleno funcionamento, ofertando linhas de cr\u00e9dito entre R$ 5 mil e R$ 20 mil, destinadas a pequenos empreendedores, feirantes, produtores rurais, neg\u00f3cios familiares e trabalhadores informais com movimenta\u00e7\u00e3o anual de at\u00e9 R$ 360 mil.<\/p>\n\n\n\n<p>A institui\u00e7\u00e3o tem buscado consolidar parcerias estrat\u00e9gicas para ampliar suas linhas de cr\u00e9dito e beneficiar ainda mais empreendedores palmenses. J\u00e1 foram realizadas reuni\u00f5es com institui\u00e7\u00f5es como Banco do Brasil, Sicredi, Sicoob e Banco da Amaz\u00f4nia (BASA), com foco na amplia\u00e7\u00e3o dos recursos dispon\u00edveis e fortalecimento das a\u00e7\u00f5es de fomento \u00e0 economia solid\u00e1ria.<\/p>\n\n\n\n<p><strong>Microcr\u00e9dito orientado e apoio nacional<\/strong><\/p>\n\n\n\n<p>Outro destaque desta nova fase \u00e9 a parceria com o Sebrae, voltada \u00e0 implementa\u00e7\u00e3o do microcr\u00e9dito orientado, que une cr\u00e9dito acess\u00edvel \u00e0 capacita\u00e7\u00e3o e acompanhamento t\u00e9cnico, garantindo mais chances de sucesso aos neg\u00f3cios apoiados. Paralelamente, a equipe da Sedeem tem intensificado agendas em Bras\u00edlia para viabilizar a ades\u00e3o do munic\u00edpio a programas nacionais como o ProCred e o Cart\u00e3o MEI, do Minist\u00e9rio do Empreendedorismo.<\/p>\n\n\n\n<p>O Banco do Povo tamb\u00e9m obteve reconhecimento do Minist\u00e9rio do Trabalho como institui\u00e7\u00e3o de apoio \u00e0 economia solid\u00e1ria, ampliando sua legitimidade e acesso a pol\u00edticas p\u00fablicas em n\u00edvel nacional. Al\u00e9m disso, est\u00e1 em fase final de formaliza\u00e7\u00e3o uma parceria com a Organiza\u00e7\u00e3o das Na\u00e7\u00f5es Unidas (ONU), para ampliar o apoio institucional da pol\u00edtica de microcr\u00e9dito e inclus\u00e3o produtiva desenvolvida em Palmas.<\/p>\n","protected":false},"excerpt":{"rendered":"<p>A Prefeitura Municipal de Palmas, por meio da Secretaria Municipal de Desenvolvimento Econ\u00f4mico e Empreendedorismo (Sedeem), publicou na \u00faltima semana o Decreto n\u00ba 2.767\/2025, que institui o primeiro Regimento Interno do Banco do Povo de Palmas. A medida marca um avan\u00e7o in\u00e9dito na hist\u00f3ria da institui\u00e7\u00e3o, consolidando sua reestrutura\u00e7\u00e3o administrativa e operacional, iniciada em janeiro [&hellip;]<\/p>\n","protected":false},"author":2,"featured_media":22331,"comment_status":"open","ping_status":"open","sticky":false,"template":"","format":"standard","meta":[],"categories":[3],"tags":[13],"_links":{"self":[{"href":"https:\/\/dgospel.com.br\/portal\/index.php\/wp-json\/wp\/v2\/posts\/22330"}],"collection":[{"href":"https:\/\/dgospel.com.br\/portal\/index.php\/wp-json\/wp\/v2\/posts"}],"about":[{"href":"https:\/\/dgospel.com.br\/portal\/index.php\/wp-json\/wp\/v2\/types\/post"}],"author":[{"embeddable":true,"href":"https:\/\/dgospel.com.br\/portal\/index.php\/wp-json\/wp\/v2\/users\/2"}],"replies":[{"embeddable":true,"href":"https:\/\/dgospel.com.br\/portal\/index.php\/wp-json\/wp\/v2\/comments?post=22330"}],"version-history":[{"count":1,"href":"https:\/\/dgospel.com.br\/portal\/index.php\/wp-json\/wp\/v2\/posts\/22330\/revisions"}],"predecessor-version":[{"id":22332,"href":"https:\/\/dgospel.com.br\/portal\/index.php\/wp-json\/wp\/v2\/posts\/22330\/revisions\/22332"}],"wp:featuredmedia":[{"embeddable":true,"href":"https:\/\/dgospel.com.br\/portal\/index.php\/wp-json\/wp\/v2\/media\/22331"}],"wp:attachment":[{"href":"https:\/\/dgospel.com.br\/portal\/index.php\/wp-json\/wp\/v2\/media?parent=22330"}],"wp:term":[{"taxonomy":"category","embeddable":true,"href":"https:\/\/dgospel.com.br\/portal\/index.php\/wp-json\/wp\/v2\/categories?post=22330"},{"taxonomy":"post_tag","embeddable":true,"href":"https:\/\/dgospel.com.br\/portal\/index.php\/wp-json\/wp\/v2\/tags?post=22330"}],"curies":[{"name":"wp","href":"https:\/\/api.w.org\/{rel}","templated":true}]}}