{"id":22333,"date":"2025-09-18T08:58:35","date_gmt":"2025-09-18T11:58:35","guid":{"rendered":"https:\/\/dgospel.com.br\/portal\/?p=22333"},"modified":"2025-09-18T08:58:36","modified_gmt":"2025-09-18T11:58:36","slug":"89-da-populacao-de-cuba-esta-na-extrema-pobreza-diz-relatorio","status":"publish","type":"post","link":"https:\/\/dgospel.com.br\/portal\/index.php\/2025\/09\/18\/89-da-populacao-de-cuba-esta-na-extrema-pobreza-diz-relatorio\/","title":{"rendered":"89% da popula\u00e7\u00e3o de Cuba est\u00e1 na extrema pobreza, diz relat\u00f3rio"},"content":{"rendered":"\n<p>O Observatorio Cubano de Derechos Humanos (OCDH) divulgou h\u00e1 alguns dias que 89% das fam\u00edlias em Cuba vivem em situa\u00e7\u00e3o de pobreza extrema. O levantamento foi feito entre 8 de junho e 11 de julho, com 1.344 entrevistas em 70 munic\u00edpios de todas as prov\u00edncias da ilha.<\/p>\n\n\n\n<p>O estudo mostra que sete em cada dez cubanos disseram ter que abrir m\u00e3o de pelo menos uma refei\u00e7\u00e3o di\u00e1ria por falta de alimentos ou de dinheiro. O documento mostra que a pobreza deixou de ser restrita a \u00e1reas rurais e atinge hoje tanto cidades quanto regi\u00f5es antes consideradas est\u00e1veis.<\/p>\n\n\n\n<p>A crise econ\u00f4mica \u00e9 agravada pela infla\u00e7\u00e3o, pela falta de medicamentos, pelos apag\u00f5es frequentes e pelo colapso da sa\u00fade p\u00fablica. Segundo o relat\u00f3rio, a sensa\u00e7\u00e3o entre os moradores \u00e9 de desesperan\u00e7a, sendo esta a pior crise social vivida em d\u00e9cadas.<\/p>\n\n\n\n<p>Entidades internacionais de direitos humanos alertam para uma crise humanit\u00e1ria silenciosa em Cuba. Para o OCDH, a falta de liberdade de imprensa e a repress\u00e3o contra manifesta\u00e7\u00f5es tornam ainda mais dif\u00edcil denunciar a realidade vivida pela popula\u00e7\u00e3o.<\/p>\n","protected":false},"excerpt":{"rendered":"<p>O Observatorio Cubano de Derechos Humanos (OCDH) divulgou h\u00e1 alguns dias que 89% das fam\u00edlias em Cuba vivem em situa\u00e7\u00e3o de pobreza extrema. O levantamento foi feito entre 8 de junho e 11 de julho, com 1.344 entrevistas em 70 munic\u00edpios de todas as prov\u00edncias da ilha. O estudo mostra que sete em cada dez [&hellip;]<\/p>\n","protected":false},"author":2,"featured_media":22334,"comment_status":"open","ping_status":"open","sticky":false,"template":"","format":"standard","meta":[],"categories":[12,16],"tags":[],"_links":{"self":[{"href":"https:\/\/dgospel.com.br\/portal\/index.php\/wp-json\/wp\/v2\/posts\/22333"}],"collection":[{"href":"https:\/\/dgospel.com.br\/portal\/index.php\/wp-json\/wp\/v2\/posts"}],"about":[{"href":"https:\/\/dgospel.com.br\/portal\/index.php\/wp-json\/wp\/v2\/types\/post"}],"author":[{"embeddable":true,"href":"https:\/\/dgospel.com.br\/portal\/index.php\/wp-json\/wp\/v2\/users\/2"}],"replies":[{"embeddable":true,"href":"https:\/\/dgospel.com.br\/portal\/index.php\/wp-json\/wp\/v2\/comments?post=22333"}],"version-history":[{"count":1,"href":"https:\/\/dgospel.com.br\/portal\/index.php\/wp-json\/wp\/v2\/posts\/22333\/revisions"}],"predecessor-version":[{"id":22335,"href":"https:\/\/dgospel.com.br\/portal\/index.php\/wp-json\/wp\/v2\/posts\/22333\/revisions\/22335"}],"wp:featuredmedia":[{"embeddable":true,"href":"https:\/\/dgospel.com.br\/portal\/index.php\/wp-json\/wp\/v2\/media\/22334"}],"wp:attachment":[{"href":"https:\/\/dgospel.com.br\/portal\/index.php\/wp-json\/wp\/v2\/media?parent=22333"}],"wp:term":[{"taxonomy":"category","embeddable":true,"href":"https:\/\/dgospel.com.br\/portal\/index.php\/wp-json\/wp\/v2\/categories?post=22333"},{"taxonomy":"post_tag","embeddable":true,"href":"https:\/\/dgospel.com.br\/portal\/index.php\/wp-json\/wp\/v2\/tags?post=22333"}],"curies":[{"name":"wp","href":"https:\/\/api.w.org\/{rel}","templated":true}]}}