{"id":22336,"date":"2025-09-18T09:02:10","date_gmt":"2025-09-18T12:02:10","guid":{"rendered":"https:\/\/dgospel.com.br\/portal\/?p=22336"},"modified":"2025-09-18T09:07:08","modified_gmt":"2025-09-18T12:07:08","slug":"camara-aprova-urgencia-do-texto-que-pede-anistia-a-manifestantes","status":"publish","type":"post","link":"https:\/\/dgospel.com.br\/portal\/index.php\/2025\/09\/18\/camara-aprova-urgencia-do-texto-que-pede-anistia-a-manifestantes\/","title":{"rendered":"Por 311 votos a favor, urg\u00eancia da PEC da Anistia \u00e9 aprovada na C\u00e2mara dos Deputados"},"content":{"rendered":"\n<p>A C\u00e2mara dos Deputados aprovou, na noite desta quarta-feira (17), o regime de urg\u00eancia para o Projeto de Lei da Anistia (PL 2162\/2023). A medida permite que o texto seja analisado diretamente no plen\u00e1rio, sem passar por comiss\u00f5es tem\u00e1ticas. A proposta, de autoria do deputado Marcelo Crivella (Republicanos-RJ), prev\u00ea anistia a participantes de manifesta\u00e7\u00f5es pol\u00edticas desde 30 de outubro de 2022, data do segundo turno das elei\u00e7\u00f5es presidenciais.<\/p>\n\n\n\n<p>Com 311 votos favor\u00e1veis, a aprova\u00e7\u00e3o da urg\u00eancia foi celebrada por parlamentares da oposi\u00e7\u00e3o ao governo federal. O presidente da C\u00e2mara, Hugo Motta (Republicanos-PB), ainda n\u00e3o definiu a data da vota\u00e7\u00e3o do m\u00e9rito.<\/p>\n\n\n\n<p>O projeto perdoa todos que participaram ou apoiaram manifesta\u00e7\u00f5es de cunho pol\u00edtico ou eleitoral, por quaisquer meios \u2014 incluindo doa\u00e7\u00f5es, apoio log\u00edstico e publica\u00e7\u00f5es em redes sociais \u2014, entre 30 de outubro de 2022 e a entrada em vigor da lei. A proposta, no entanto, exclui expressamente, at\u00e9 o momento, o ex-presidente Jair Bolsonaro (PL) e outros sete condenados por tentativa de aboli\u00e7\u00e3o do Estado Democr\u00e1tico de Direito.<\/p>\n\n\n\n<p>Na pr\u00e1tica, a reda\u00e7\u00e3o atual pode beneficiar envolvidos nos atos de 8 de janeiro de 2023, inclusive caminhoneiros que participaram de bloqueios de rodovias ap\u00f3s a derrota de Bolsonaro nas urnas. O texto tamb\u00e9m anula medidas de restri\u00e7\u00e3o de direitos, como senten\u00e7as judiciais, medidas cautelares ou decis\u00f5es liminares que limitem a liberdade de express\u00e3o e manifesta\u00e7\u00e3o pol\u00edtica.<\/p>\n\n\n\n<p>O relator da proposta deve ser escolhido na pr\u00f3xima semana, e a expectativa \u00e9 que seja um parlamentar do Centr\u00e3o.<\/p>\n\n\n\n<p>A vota\u00e7\u00e3o foi acompanhada de manifesta\u00e7\u00f5es de comemora\u00e7\u00e3o por deputados da oposi\u00e7\u00e3o. O deputado federal Luciano Zucco (PL-RS) classificou a aprova\u00e7\u00e3o como uma \u201cvit\u00f3ria\u201d e defendeu uma anistia \u201campla, geral e irrestrita\u201d.<\/p>\n\n\n\n<p>O ex-secret\u00e1rio da Cultura, Mario Frias (PL-SP), tamb\u00e9m celebrou o avan\u00e7o da pauta. \u201cA anistia n\u00e3o \u00e9 concess\u00e3o, \u00e9 direito. \u00c9 a repara\u00e7\u00e3o das arbitrariedades e a chance de devolver a dignidade a fam\u00edlias esmagadas por persegui\u00e7\u00f5es pol\u00edticas\u201d, escreveu em rede social.<\/p>\n\n\n\n<p>Imagens do plen\u00e1rio divulgadas nas redes sociais mostraram parlamentares aplaudindo e comemorando o resultado da vota\u00e7\u00e3o.<\/p>\n","protected":false},"excerpt":{"rendered":"<p>A C\u00e2mara dos Deputados aprovou, na noite desta quarta-feira (17), o regime de urg\u00eancia para o Projeto de Lei da Anistia (PL 2162\/2023). A medida permite que o texto seja analisado diretamente no plen\u00e1rio, sem passar por comiss\u00f5es tem\u00e1ticas. A proposta, de autoria do deputado Marcelo Crivella (Republicanos-RJ), prev\u00ea anistia a participantes de manifesta\u00e7\u00f5es pol\u00edticas [&hellip;]<\/p>\n","protected":false},"author":2,"featured_media":22337,"comment_status":"open","ping_status":"open","sticky":false,"template":"","format":"standard","meta":[],"categories":[8],"tags":[],"_links":{"self":[{"href":"https:\/\/dgospel.com.br\/portal\/index.php\/wp-json\/wp\/v2\/posts\/22336"}],"collection":[{"href":"https:\/\/dgospel.com.br\/portal\/index.php\/wp-json\/wp\/v2\/posts"}],"about":[{"href":"https:\/\/dgospel.com.br\/portal\/index.php\/wp-json\/wp\/v2\/types\/post"}],"author":[{"embeddable":true,"href":"https:\/\/dgospel.com.br\/portal\/index.php\/wp-json\/wp\/v2\/users\/2"}],"replies":[{"embeddable":true,"href":"https:\/\/dgospel.com.br\/portal\/index.php\/wp-json\/wp\/v2\/comments?post=22336"}],"version-history":[{"count":2,"href":"https:\/\/dgospel.com.br\/portal\/index.php\/wp-json\/wp\/v2\/posts\/22336\/revisions"}],"predecessor-version":[{"id":22340,"href":"https:\/\/dgospel.com.br\/portal\/index.php\/wp-json\/wp\/v2\/posts\/22336\/revisions\/22340"}],"wp:featuredmedia":[{"embeddable":true,"href":"https:\/\/dgospel.com.br\/portal\/index.php\/wp-json\/wp\/v2\/media\/22337"}],"wp:attachment":[{"href":"https:\/\/dgospel.com.br\/portal\/index.php\/wp-json\/wp\/v2\/media?parent=22336"}],"wp:term":[{"taxonomy":"category","embeddable":true,"href":"https:\/\/dgospel.com.br\/portal\/index.php\/wp-json\/wp\/v2\/categories?post=22336"},{"taxonomy":"post_tag","embeddable":true,"href":"https:\/\/dgospel.com.br\/portal\/index.php\/wp-json\/wp\/v2\/tags?post=22336"}],"curies":[{"name":"wp","href":"https:\/\/api.w.org\/{rel}","templated":true}]}}