{"id":2235,"date":"2019-01-07T11:44:07","date_gmt":"2019-01-07T13:44:07","guid":{"rendered":"http:\/\/dgospel.com.br\/portal\/?p=2235"},"modified":"2019-01-07T11:44:07","modified_gmt":"2019-01-07T13:44:07","slug":"embaixador-de-israel-diz-que-bolsonaro-e-o-segundo-oswaldo-aranha","status":"publish","type":"post","link":"https:\/\/dgospel.com.br\/portal\/index.php\/2019\/01\/07\/embaixador-de-israel-diz-que-bolsonaro-e-o-segundo-oswaldo-aranha\/","title":{"rendered":"Embaixador de Israel diz que \u201cBolsonaro \u00e9 o segundo Oswaldo Aranha\u201d"},"content":{"rendered":"<p>O embaixador de Israel no Brasil, Yossi Shelley, comparou o presidente Jair Bolsonaro ao diplomata brasileiro Oswaldo Aranha que, em 1947, presidiu a sess\u00e3o da Assembleia Geral das Na\u00e7\u00f5es Unidas que levou \u00e0\u00a0<a href=\"https:\/\/guiame.com.br\/gospel\/israel\/brasileiros-celebram-criacao-do-estado-de-israel-na-embaixada-do-pais.html\"><strong>cria\u00e7\u00e3o do Estado de Israel<\/strong><\/a>.<\/p>\n<p>\u201cO nome de Oswaldo Aranha foi significante para a cria\u00e7\u00e3o do Estado de Israel. Agora Jair Bolsonaro \u00e9 um segundo Oswaldo Aranha porque ele faz uma coisa incr\u00edvel: \u00e9 mudar a hist\u00f3ria\u201d, disse o embaixador em entrevista exclusiva \u00e0 Empresa Brasil de Comunica\u00e7\u00e3o (EBC).<\/p>\n<p>A declara\u00e7\u00e3o de Shelley \u00e9 baseada na promessa de Bolsonaro de transferir a embaixada brasileira em Israel de Jerusal\u00e9m para Tel Aviv. Embora o presidente brasileiro n\u00e3o tenha anunciado detalhes sobre o movimento, a decis\u00e3o foi confirmada em\u00a0<a href=\"https:\/\/guiame.com.br\/gospel\/mundo-cristao\/netanyahu-diz-que-mudanca-da-embaixada-e-questao-de-quando-nao-de-se.html\"><strong>encontro com o primeiro-ministro de Israel<\/strong><\/a>, Benjamin Netanyahu.<\/p>\n<p>\u201cO governo brasileiro \u00e9 soberano para dizer quando. A transfer\u00eancia acontecer\u00e1, mas aguardamos o momento. Estamos muito felizes com a transfer\u00eancia. Deixa o tempo definir. O presidente [Donald] Trump [dos Estados Unidos], quando assumiu o cargo, tamb\u00e9m citou que iria transferir a embaixada. Oito meses depois fez isso. Essas coisas n\u00e3o ser\u00e3o obst\u00e1culos para a nossa rela\u00e7\u00e3o\u201d, afirmou o embaixador.<\/p>\n<p>O embaixador revelou que a\u00a0<a href=\"https:\/\/guiame.com.br\/gospel\/israel\/benjamin-netanyahu-desembarca-no-brasil-e-chama-pais-de-grande-potencia.html\"><strong>passagem de Netanyahu no Brasil<\/strong><\/a>\u00a0por cinco dias foi algo in\u00e9dito, d\u00e1 que o premi\u00ea n\u00e3o costuma deixar Israel por tanto tempo. \u201cIsso \u00e9 gra\u00e7as ao presidente Bolsonaro. Quando h\u00e1 um carinho do outro lado, Israel vai atr\u00e1s. Netanyahu e Bolsonaro conversaram sobre seguran\u00e7a p\u00fablica, a dessaliniza\u00e7\u00e3o, como acabar a seca do Nordeste brasileiro, sat\u00e9lite, como vigiar a fronteira\u201d, esclareceu.<\/p>\n<p>Em mar\u00e7o, Bolsonaro pretende ir a Israel acompanhado de um grupo de empres\u00e1rios, a fim de incrementar o com\u00e9rcio bilateral e a troca de tecnologias. \u201cEle vai receber as honras de um rei. Eu prometo isso. Vou estar ao lado dele e vou segurar a m\u00e3o dele. Amo o Brasil. Amo o povo de Israel\u201d, declarou Shelley.<\/p>\n<p>Um pouco antes, Israel ir\u00e1 receber o ministro da Ci\u00eancia e Tecnologia, Inova\u00e7\u00f5es e Comunica\u00e7\u00f5es, Marcos Pontes. Ele discutir\u00e1 projetos para um futuro acordo sobre \u00e1gua e dessaliniza\u00e7\u00e3o para beneficiar o Nordeste e o interior do Brasil.<\/p>\n<p>Com o alinhamento entre Brasil, Israel e EUA, as expectativas do embaixador israelense s\u00e3o grandes: \u201c\u00c9 preciso aprofundar as rela\u00e7\u00f5es, aprofundar os neg\u00f3cios, fazer delega\u00e7\u00f5es de empres\u00e1rios, pensar na vota\u00e7\u00e3o da ONU, apoiar Estados Unidos, apoiar Israel. Essas coisas que os amigos fazem\u201d.<\/p>\n<p>FONTE: GUIAME, COM INFORMA\u00c7\u00d5ES DA EBC<\/p>\n","protected":false},"excerpt":{"rendered":"<p>O embaixador de Israel no Brasil, Yossi Shelley, comparou o presidente Jair Bolsonaro ao diplomata brasileiro Oswaldo Aranha que, em 1947, presidiu a sess\u00e3o da Assembleia Geral das Na\u00e7\u00f5es Unidas que levou \u00e0\u00a0cria\u00e7\u00e3o do Estado de Israel. \u201cO nome de Oswaldo Aranha foi significante para a cria\u00e7\u00e3o do Estado de Israel. Agora Jair Bolsonaro \u00e9 [&hellip;]<\/p>\n","protected":false},"author":2,"featured_media":2236,"comment_status":"open","ping_status":"open","sticky":false,"template":"","format":"standard","meta":[],"categories":[2,10],"tags":[],"_links":{"self":[{"href":"https:\/\/dgospel.com.br\/portal\/index.php\/wp-json\/wp\/v2\/posts\/2235"}],"collection":[{"href":"https:\/\/dgospel.com.br\/portal\/index.php\/wp-json\/wp\/v2\/posts"}],"about":[{"href":"https:\/\/dgospel.com.br\/portal\/index.php\/wp-json\/wp\/v2\/types\/post"}],"author":[{"embeddable":true,"href":"https:\/\/dgospel.com.br\/portal\/index.php\/wp-json\/wp\/v2\/users\/2"}],"replies":[{"embeddable":true,"href":"https:\/\/dgospel.com.br\/portal\/index.php\/wp-json\/wp\/v2\/comments?post=2235"}],"version-history":[{"count":1,"href":"https:\/\/dgospel.com.br\/portal\/index.php\/wp-json\/wp\/v2\/posts\/2235\/revisions"}],"predecessor-version":[{"id":2237,"href":"https:\/\/dgospel.com.br\/portal\/index.php\/wp-json\/wp\/v2\/posts\/2235\/revisions\/2237"}],"wp:featuredmedia":[{"embeddable":true,"href":"https:\/\/dgospel.com.br\/portal\/index.php\/wp-json\/wp\/v2\/media\/2236"}],"wp:attachment":[{"href":"https:\/\/dgospel.com.br\/portal\/index.php\/wp-json\/wp\/v2\/media?parent=2235"}],"wp:term":[{"taxonomy":"category","embeddable":true,"href":"https:\/\/dgospel.com.br\/portal\/index.php\/wp-json\/wp\/v2\/categories?post=2235"},{"taxonomy":"post_tag","embeddable":true,"href":"https:\/\/dgospel.com.br\/portal\/index.php\/wp-json\/wp\/v2\/tags?post=2235"}],"curies":[{"name":"wp","href":"https:\/\/api.w.org\/{rel}","templated":true}]}}