{"id":22350,"date":"2025-09-19T18:07:00","date_gmt":"2025-09-19T21:07:00","guid":{"rendered":"https:\/\/dgospel.com.br\/portal\/?p=22350"},"modified":"2025-09-19T18:07:01","modified_gmt":"2025-09-19T21:07:01","slug":"centro-de-canoagem-de-araguaina-nasceu-de-requerimento-apresentado-por-gipao-quando-ainda-era-vereador","status":"publish","type":"post","link":"https:\/\/dgospel.com.br\/portal\/index.php\/2025\/09\/19\/centro-de-canoagem-de-araguaina-nasceu-de-requerimento-apresentado-por-gipao-quando-ainda-era-vereador\/","title":{"rendered":"Centro de Canoagem de Aragua\u00edna nasceu de requerimento apresentado por Gip\u00e3o quando ainda era vereador"},"content":{"rendered":"\n<p>A inaugura\u00e7\u00e3o do Centro de Canoagem de Aragua\u00edna, marcada para esta segunda-feira, dia 22, representa n\u00e3o apenas um avan\u00e7o no esporte e no lazer do munic\u00edpio, mas tamb\u00e9m o resultado de uma proposta apresentada ainda em 2017 pelo ent\u00e3o vereador Aldair da Costa Sousa (Gip\u00e3o), hoje deputado estadual.<\/p>\n\n\n\n<p>Na \u00e9poca, Gip\u00e3o apresentou requerimento \u00e0 C\u00e2mara Municipal solicitando ao Executivo a cria\u00e7\u00e3o de uma escola de canoagem nas \u00e1guas do Lago Azul, como forma de aproveitar o potencial da Via Lago \u2013 uma das maiores obras de urbaniza\u00e7\u00e3o da cidade \u2013 e oferecer novas oportunidades \u00e0 juventude araguainense.<\/p>\n\n\n\n<p>No documento, Gip\u00e3o destacou os in\u00fameros benef\u00edcios da canoagem, esporte ol\u00edmpico que desenvolve a postura, fortalece a musculatura e pode ser comparado em intensidade e resultados \u00e0 nata\u00e7\u00e3o e ao ciclismo. Al\u00e9m disso, apontou a relev\u00e2ncia social da iniciativa como alternativa para afastar a juventude do mundo do crime, incentivar e aproximar os jovens do esporte e da disciplina.<\/p>\n\n\n\n<blockquote class=\"wp-block-quote\"><p>\u201cA Via Lago representa muito mais que urbaniza\u00e7\u00e3o e lazer. \u00c9 tamb\u00e9m um espa\u00e7o para promover sa\u00fade, esporte e cidadania. A canoagem \u00e9 uma atividade completa, que une os benef\u00edcios f\u00edsicos a uma op\u00e7\u00e3o segura e saud\u00e1vel para a juventude\u201d, justificou Gip\u00e3o no requerimento de 1\u00ba de setembro de 2017.<\/p><\/blockquote>\n\n\n\n<p>Agora, oito anos depois da proposta, o sonho come\u00e7a a se tornar realidade com a entrega do Centro de Canoagem, que contar\u00e1 com estrutura para receber competi\u00e7\u00f5es de n\u00edvel nacional e tamb\u00e9m para a inicia\u00e7\u00e3o de novos atletas.<\/p>\n\n\n\n<p>Com salas de aula, academia, piscina para treinamentos, \u00e1reas administrativas e acesso direto ao Lago Azul, o espa\u00e7o ser\u00e1 refer\u00eancia n\u00e3o apenas em Aragua\u00edna, mas em toda a Regi\u00e3o Norte do Tocantins.<\/p>\n\n\n\n<p>A inaugura\u00e7\u00e3o do Centro de Canoagem simboliza um marco para o esporte tocantinense e refor\u00e7a a import\u00e2ncia da atua\u00e7\u00e3o parlamentar de Gip\u00e3o, que desde o in\u00edcio da vida p\u00fablica defende projetos voltados para o desenvolvimento social e esportivo.<\/p>\n","protected":false},"excerpt":{"rendered":"<p>A inaugura\u00e7\u00e3o do Centro de Canoagem de Aragua\u00edna, marcada para esta segunda-feira, dia 22, representa n\u00e3o apenas um avan\u00e7o no esporte e no lazer do munic\u00edpio, mas tamb\u00e9m o resultado de uma proposta apresentada ainda em 2017 pelo ent\u00e3o vereador Aldair da Costa Sousa (Gip\u00e3o), hoje deputado estadual. Na \u00e9poca, Gip\u00e3o apresentou requerimento \u00e0 C\u00e2mara [&hellip;]<\/p>\n","protected":false},"author":2,"featured_media":22351,"comment_status":"open","ping_status":"open","sticky":false,"template":"","format":"standard","meta":[],"categories":[8],"tags":[],"_links":{"self":[{"href":"https:\/\/dgospel.com.br\/portal\/index.php\/wp-json\/wp\/v2\/posts\/22350"}],"collection":[{"href":"https:\/\/dgospel.com.br\/portal\/index.php\/wp-json\/wp\/v2\/posts"}],"about":[{"href":"https:\/\/dgospel.com.br\/portal\/index.php\/wp-json\/wp\/v2\/types\/post"}],"author":[{"embeddable":true,"href":"https:\/\/dgospel.com.br\/portal\/index.php\/wp-json\/wp\/v2\/users\/2"}],"replies":[{"embeddable":true,"href":"https:\/\/dgospel.com.br\/portal\/index.php\/wp-json\/wp\/v2\/comments?post=22350"}],"version-history":[{"count":1,"href":"https:\/\/dgospel.com.br\/portal\/index.php\/wp-json\/wp\/v2\/posts\/22350\/revisions"}],"predecessor-version":[{"id":22352,"href":"https:\/\/dgospel.com.br\/portal\/index.php\/wp-json\/wp\/v2\/posts\/22350\/revisions\/22352"}],"wp:featuredmedia":[{"embeddable":true,"href":"https:\/\/dgospel.com.br\/portal\/index.php\/wp-json\/wp\/v2\/media\/22351"}],"wp:attachment":[{"href":"https:\/\/dgospel.com.br\/portal\/index.php\/wp-json\/wp\/v2\/media?parent=22350"}],"wp:term":[{"taxonomy":"category","embeddable":true,"href":"https:\/\/dgospel.com.br\/portal\/index.php\/wp-json\/wp\/v2\/categories?post=22350"},{"taxonomy":"post_tag","embeddable":true,"href":"https:\/\/dgospel.com.br\/portal\/index.php\/wp-json\/wp\/v2\/tags?post=22350"}],"curies":[{"name":"wp","href":"https:\/\/api.w.org\/{rel}","templated":true}]}}