{"id":22353,"date":"2025-09-19T18:52:34","date_gmt":"2025-09-19T21:52:34","guid":{"rendered":"https:\/\/dgospel.com.br\/portal\/?p=22353"},"modified":"2025-09-19T18:52:35","modified_gmt":"2025-09-19T21:52:35","slug":"vereadores-entregam-manifesto-de-apoio-ao-prefeito-eduardo-siqueira-campos","status":"publish","type":"post","link":"https:\/\/dgospel.com.br\/portal\/index.php\/2025\/09\/19\/vereadores-entregam-manifesto-de-apoio-ao-prefeito-eduardo-siqueira-campos\/","title":{"rendered":"Vereadores entregam manifesto de apoio ao prefeito Eduardo Siqueira Campos"},"content":{"rendered":"\n<p>Na tarde desta sexta-feira, 19, o prefeito de Palmas, Eduardo Siqueira Campos, recebeu uma carta-manifesto em que a maioria absoluta da C\u00e2mara Municipal declara posi\u00e7\u00e3o contr\u00e1ria a pedidos de impeachment sem fundamentos jur\u00eddicos. O texto destaca a defesa da democracia, a legitimidade do voto popular e a necessidade de estabilidade institucional para garantir os avan\u00e7os da cidade.<\/p>\n\n\n\n<p>\u201cO impeachment, previsto em nossa Constitui\u00e7\u00e3o Federal, n\u00e3o \u00e9 instrumento banal, n\u00e3o \u00e9 rem\u00e9dio para insatisfa\u00e7\u00f5es administrativas, n\u00e3o \u00e9 atalho para resolver disputas partid\u00e1rias. Ele s\u00f3 pode ser cogitado em casos de crimes de responsabilidade comprovados, graves e incontest\u00e1veis\u201d, afirma um trecho do documento entregue ao gestor.<\/p>\n\n\n\n<p>\u201cJ\u00e1 vivi um pouco de tudo. N\u00e3o tenho d\u00favida de que seremos tr\u00eas vezes melhores no final do que fomos nos tr\u00eas primeiros meses deste ano. Isso nos d\u00e1 o sentimento de que, apesar das diverg\u00eancias, somos um grupo. Este \u00e9 um marco dentro da administra\u00e7\u00e3o e entra para a minha hist\u00f3ria. E, se tivermos de atravessar outras noites trai\u00e7oeiras, faremos isso juntos, de m\u00e3os dadas\u201d, declarou Eduardo Siqueira.<\/p>\n\n\n\n<p>O gestor tamb\u00e9m lembrou e agradeceu a fidelidade do secret\u00e1rio-chefe do Gabinete do Prefeito, Carlos J\u00fanior. Durante o per\u00edodo em que estava sem mandato, optou por acompanh\u00e1-lo mesmo sem cargo e tendo recebido convites para ocupar fun\u00e7\u00f5es de relev\u00e2ncia na pol\u00edtica tocantinense.<\/p>\n\n\n\n<p><strong>Democracia e estabilidade<\/strong><\/p>\n\n\n\n<p>No manifesto, os vereadores lembram que Eduardo Siqueira Campos foi eleito em 2024 com mais de 78 mil votos, resultado que traduz a confian\u00e7a da maioria absoluta da popula\u00e7\u00e3o. Para os parlamentares, qualquer tentativa de afastamento sem provas concretas significaria \u201cum ataque direto ao cora\u00e7\u00e3o da democracia\u201d e traria riscos \u00e0 governabilidade, aos investimentos e aos servi\u00e7os p\u00fablicos.<\/p>\n\n\n\n<p>\u201cO que est\u00e1 em discuss\u00e3o n\u00e3o \u00e9 apenas a perman\u00eancia de um prefeito no cargo; \u00e9 o respeito \u00e0s regras do jogo democr\u00e1tico, \u00e9 a garantia de que Palmas n\u00e3o ser\u00e1 lan\u00e7ada em uma crise institucional desnecess\u00e1ria e injusta, \u00e9 a preserva\u00e7\u00e3o da confian\u00e7a do povo em seus representantes\u201d, registra a carta.<\/p>\n\n\n\n<p>Dos 23 vereadores, 21 deram ci\u00eancia ao documento, que ressalta ainda o papel fiscalizador da C\u00e2mara sem abrir espa\u00e7o para \u201catalhos autorit\u00e1rios\u201d ou \u201caventuras que ameacem a governabilidade\u201d.<\/p>\n\n\n\n<p><em>Confira a \u00edntegra do manifesto em anexo<\/em><br><\/p>\n\n\n\n<div class=\"wp-block-file\"><object class=\"wp-block-file__embed\" data=\"https:\/\/dgospel.com.br\/portal\/wp-content\/uploads\/2025\/09\/MANIFESTO-DOS-VEREADORES-DE-PALMAS.pdf\" type=\"application\/pdf\" style=\"width:100%;height:600px\" aria-label=\"Incorporado de MANIFESTO-DOS-VEREADORES-DE-PALMAS.\"><\/object><a id=\"wp-block-file--media-e65207ae-c121-494e-891b-7246f298d88b\" href=\"https:\/\/dgospel.com.br\/portal\/wp-content\/uploads\/2025\/09\/MANIFESTO-DOS-VEREADORES-DE-PALMAS.pdf\">MANIFESTO-DOS-VEREADORES-DE-PALMAS<\/a><a href=\"https:\/\/dgospel.com.br\/portal\/wp-content\/uploads\/2025\/09\/MANIFESTO-DOS-VEREADORES-DE-PALMAS.pdf\" class=\"wp-block-file__button\" download aria-describedby=\"wp-block-file--media-e65207ae-c121-494e-891b-7246f298d88b\">Baixar<\/a><\/div>\n","protected":false},"excerpt":{"rendered":"<p>Na tarde desta sexta-feira, 19, o prefeito de Palmas, Eduardo Siqueira Campos, recebeu uma carta-manifesto em que a maioria absoluta da C\u00e2mara Municipal declara posi\u00e7\u00e3o contr\u00e1ria a pedidos de impeachment sem fundamentos jur\u00eddicos. O texto destaca a defesa da democracia, a legitimidade do voto popular e a necessidade de estabilidade institucional para garantir os avan\u00e7os [&hellip;]<\/p>\n","protected":false},"author":2,"featured_media":22355,"comment_status":"open","ping_status":"open","sticky":false,"template":"","format":"standard","meta":[],"categories":[3],"tags":[13],"_links":{"self":[{"href":"https:\/\/dgospel.com.br\/portal\/index.php\/wp-json\/wp\/v2\/posts\/22353"}],"collection":[{"href":"https:\/\/dgospel.com.br\/portal\/index.php\/wp-json\/wp\/v2\/posts"}],"about":[{"href":"https:\/\/dgospel.com.br\/portal\/index.php\/wp-json\/wp\/v2\/types\/post"}],"author":[{"embeddable":true,"href":"https:\/\/dgospel.com.br\/portal\/index.php\/wp-json\/wp\/v2\/users\/2"}],"replies":[{"embeddable":true,"href":"https:\/\/dgospel.com.br\/portal\/index.php\/wp-json\/wp\/v2\/comments?post=22353"}],"version-history":[{"count":1,"href":"https:\/\/dgospel.com.br\/portal\/index.php\/wp-json\/wp\/v2\/posts\/22353\/revisions"}],"predecessor-version":[{"id":22356,"href":"https:\/\/dgospel.com.br\/portal\/index.php\/wp-json\/wp\/v2\/posts\/22353\/revisions\/22356"}],"wp:featuredmedia":[{"embeddable":true,"href":"https:\/\/dgospel.com.br\/portal\/index.php\/wp-json\/wp\/v2\/media\/22355"}],"wp:attachment":[{"href":"https:\/\/dgospel.com.br\/portal\/index.php\/wp-json\/wp\/v2\/media?parent=22353"}],"wp:term":[{"taxonomy":"category","embeddable":true,"href":"https:\/\/dgospel.com.br\/portal\/index.php\/wp-json\/wp\/v2\/categories?post=22353"},{"taxonomy":"post_tag","embeddable":true,"href":"https:\/\/dgospel.com.br\/portal\/index.php\/wp-json\/wp\/v2\/tags?post=22353"}],"curies":[{"name":"wp","href":"https:\/\/api.w.org\/{rel}","templated":true}]}}