{"id":22362,"date":"2025-09-22T10:17:12","date_gmt":"2025-09-22T13:17:12","guid":{"rendered":"https:\/\/dgospel.com.br\/portal\/?p=22362"},"modified":"2025-09-22T10:17:13","modified_gmt":"2025-09-22T13:17:13","slug":"industria-brasileira-registra-pior-agosto-em-10-anos-aponta-cni","status":"publish","type":"post","link":"https:\/\/dgospel.com.br\/portal\/index.php\/2025\/09\/22\/industria-brasileira-registra-pior-agosto-em-10-anos-aponta-cni\/","title":{"rendered":"Ind\u00fastria brasileira registra pior agosto em 10 anos, aponta CNI"},"content":{"rendered":"\n<p>A ind\u00fastria brasileira teve o pior desempenho para o m\u00eas de agosto em uma d\u00e9cada, segundo levantamento divulgado pela Confedera\u00e7\u00e3o Nacional da Ind\u00fastria (CNI). De acordo com a Sondagem Industrial, o \u00edndice de evolu\u00e7\u00e3o da produ\u00e7\u00e3o caiu para 47,2 pontos no m\u00eas passado, abaixo da linha dos 50 pontos que separa crescimento de retra\u00e7\u00e3o. \u00c9 o pior resultado desde agosto de 2015, quando o indicador marcou 42,7 pontos.<\/p>\n\n\n\n<p>O estudo tamb\u00e9m revela queda no n\u00famero de empregados do setor, com o \u00edndice recuando para 48,4 pontos entre julho e agosto \u2014 o que indica redu\u00e7\u00e3o nas contrata\u00e7\u00f5es. A Utiliza\u00e7\u00e3o da Capacidade Instalada (UCI) da ind\u00fastria tamb\u00e9m caiu, passando de 71% em julho para 70% em agosto de 2025. O percentual \u00e9 menor que o de agosto de 2024 (72%) e igual ao de agosto de 2023.<\/p>\n\n\n\n<p>Em rela\u00e7\u00e3o aos estoques, o \u00edndice de evolu\u00e7\u00e3o ficou est\u00e1vel em 50 pontos pelo segundo m\u00eas consecutivo, e o n\u00edvel de estoque efetivo em rela\u00e7\u00e3o ao planejado foi de 49,8 pontos, pr\u00f3ximo da neutralidade.<\/p>\n\n\n\n<p>Marcelo Azevedo, gerente de An\u00e1lise Econ\u00f4mica da CNI, destacou que a atividade industrial mostra sinais de desacelera\u00e7\u00e3o acentuada. \u201cO cen\u00e1rio adverso que a ind\u00fastria vem atravessando desde o in\u00edcio de 2025 est\u00e1 se aprofundando. Os empres\u00e1rios relatam uma percep\u00e7\u00e3o de queda consider\u00e1vel da atividade em um m\u00eas em que tradicionalmente acontece o inverso\u201d, afirmou.<\/p>\n","protected":false},"excerpt":{"rendered":"<p>A ind\u00fastria brasileira teve o pior desempenho para o m\u00eas de agosto em uma d\u00e9cada, segundo levantamento divulgado pela Confedera\u00e7\u00e3o Nacional da Ind\u00fastria (CNI). De acordo com a Sondagem Industrial, o \u00edndice de evolu\u00e7\u00e3o da produ\u00e7\u00e3o caiu para 47,2 pontos no m\u00eas passado, abaixo da linha dos 50 pontos que separa crescimento de retra\u00e7\u00e3o. \u00c9 [&hellip;]<\/p>\n","protected":false},"author":2,"featured_media":22363,"comment_status":"open","ping_status":"open","sticky":false,"template":"","format":"standard","meta":[],"categories":[10],"tags":[13],"_links":{"self":[{"href":"https:\/\/dgospel.com.br\/portal\/index.php\/wp-json\/wp\/v2\/posts\/22362"}],"collection":[{"href":"https:\/\/dgospel.com.br\/portal\/index.php\/wp-json\/wp\/v2\/posts"}],"about":[{"href":"https:\/\/dgospel.com.br\/portal\/index.php\/wp-json\/wp\/v2\/types\/post"}],"author":[{"embeddable":true,"href":"https:\/\/dgospel.com.br\/portal\/index.php\/wp-json\/wp\/v2\/users\/2"}],"replies":[{"embeddable":true,"href":"https:\/\/dgospel.com.br\/portal\/index.php\/wp-json\/wp\/v2\/comments?post=22362"}],"version-history":[{"count":1,"href":"https:\/\/dgospel.com.br\/portal\/index.php\/wp-json\/wp\/v2\/posts\/22362\/revisions"}],"predecessor-version":[{"id":22364,"href":"https:\/\/dgospel.com.br\/portal\/index.php\/wp-json\/wp\/v2\/posts\/22362\/revisions\/22364"}],"wp:featuredmedia":[{"embeddable":true,"href":"https:\/\/dgospel.com.br\/portal\/index.php\/wp-json\/wp\/v2\/media\/22363"}],"wp:attachment":[{"href":"https:\/\/dgospel.com.br\/portal\/index.php\/wp-json\/wp\/v2\/media?parent=22362"}],"wp:term":[{"taxonomy":"category","embeddable":true,"href":"https:\/\/dgospel.com.br\/portal\/index.php\/wp-json\/wp\/v2\/categories?post=22362"},{"taxonomy":"post_tag","embeddable":true,"href":"https:\/\/dgospel.com.br\/portal\/index.php\/wp-json\/wp\/v2\/tags?post=22362"}],"curies":[{"name":"wp","href":"https:\/\/api.w.org\/{rel}","templated":true}]}}