{"id":22365,"date":"2025-09-27T10:03:32","date_gmt":"2025-09-27T13:03:32","guid":{"rendered":"https:\/\/dgospel.com.br\/portal\/?p=22365"},"modified":"2025-09-27T10:12:21","modified_gmt":"2025-09-27T13:12:21","slug":"missao-prega-em-escolas-do-ce-e-leva-alunos-a-jesus-essa-geracao-esta-sedenta","status":"publish","type":"post","link":"https:\/\/dgospel.com.br\/portal\/index.php\/2025\/09\/27\/missao-prega-em-escolas-do-ce-e-leva-alunos-a-jesus-essa-geracao-esta-sedenta\/","title":{"rendered":"Miss\u00e3o prega em escolas do CE e leva alunos a Jesus: \u201cEssa gera\u00e7\u00e3o est\u00e1 sedenta\u201d"},"content":{"rendered":"\n<p>A miss\u00e3o do evangelista&nbsp;<a href=\"https:\/\/guiame.com.br\/gospel\/missoes-acao-social\/cruzada-registra-conversoes-e-curas-na-bahia-surdos-ouviram-pela-primeira-vez.html\"><strong>Rubens Cunha<\/strong><\/a>&nbsp;tem levado o Evangelho a diversas&nbsp;<a href=\"https:\/\/guiame.com.br\/gospel\/noticias\/projeto-de-lei-que-permite-intervalos-biblicos-nas-escolas-e-aprovado-em-recife.html\"><strong>escolas<\/strong><\/a>&nbsp;do Cear\u00e1, nos \u00faltimos dias, em uma grande mobiliza\u00e7\u00e3o para alcan\u00e7ar&nbsp;<a href=\"https:\/\/guiame.com.br\/gospel\/missoes-acao-social\/aluno-le-biblia-para-amigos-durante-intervalo-e-impacta-professora-sera-um-grande-homem.html\"><strong>adolescentes<\/strong><\/a>.<\/p>\n\n\n\n<p>A Miss\u00e3o Crist\u00e3 de Evangelismo Mundial pregou a mensagem de salva\u00e7\u00e3o em col\u00e9gios das cidades de Ibaretama e Mauriti.<\/p>\n\n\n\n<p>Os evangelistas Wagner Duarte, do Brasil, e Victor Serpa, da Fran\u00e7a, realizaram um momento de reflex\u00e3o e acolhimento com os estudantes.&nbsp;<\/p>\n\n\n\n<p>Eles ministraram sobre o amor de Deus, sobre a import\u00e2ncia da fam\u00edlia e de respeitar os professores na escola.<\/p>\n\n\n\n<p>\u201cEle pega as fracas para confundir as fortes. Assim que Deus faz. \u00c0s vezes voc\u00ea se sente limitado olhando para voc\u00ea, mas quero te convidar hoje: olhe para Jesus!\u201d, pregou Wagner.<\/p>\n\n\n\n<p>Os evangelistas ainda oraram pelos alunos. Muitos estudantes foram tocados por Deus e decidiram entregar suas vidas a Cristo.&nbsp;<\/p>\n\n\n\n<p>\u201cCentenas de jovens ouviram sobre o amor de Jesus e entregaram suas vidas a Ele. Muitos oraram chorando, outros testemunharam curas e liberta\u00e7\u00f5es\u201d, relatou o evangelista Rubens, em postagem no Instagram.<\/p>\n\n\n\n<p>\u201cEst\u00e1 sendo um verdadeiro mover do Esp\u00edrito! Essa gera\u00e7\u00e3o est\u00e1 sedenta. A boa not\u00edcia \u00e9 que Jesus est\u00e1 encontrando cora\u00e7\u00f5es abertos nas salas de aula\u201d, destacou.<\/p>\n\n\n\n<p>Al\u00e9m de convers\u00f5es, curas tamb\u00e9m foram registradas, como uma aluna que tinha uma perna maior que a outra e os membros foram nivelados pelo poder de Deus.<\/p>\n\n\n\n<p>Os evangelismos nas escolas fazem parte da programa\u00e7\u00e3o da Cruzada Internacional F\u00e9 e Milagres, organizada pela Miss\u00e3o Crist\u00e3. Ser\u00e3o sete cruzadas simult\u00e2neas em cidades do Sert\u00e3o Nordestino, que iniciaram na quinta-feira (25) e seguir\u00e3o nos pr\u00f3ximos dias.&nbsp;<\/p>\n\n\n\n<p>\u201cMission\u00e1rios do Brasil, Estados Unidos, Alemanha, Su\u00e9cia, Noruega, Irlanda, Inglaterra, Fran\u00e7a e Paquist\u00e3o uniram for\u00e7as para levar o Evangelho ao Sert\u00e3o Nordestino\u201d, explicou Rubens Cunha.<\/p>\n\n\n\n<p>\u201cJesus est\u00e1 acendendo o fogo da evangeliza\u00e7\u00e3o no sert\u00e3o. Louvamos a Deus por cada vida transformada e por cada porta aberta. E ainda \u00e9 s\u00f3 o come\u00e7o!\u201d, declarou.<\/p>\n\n\n\n<p><a href=\"https:\/\/www.instagram.com\/reel\/DO9IWkuj1WA\/?utm_source=ig_embed&amp;ig_rid=43ce0448-e834-4fd8-99b6-470bc338dc6f\">https:\/\/www.instagram.com\/reel\/DO9IWkuj1WA\/?utm_source=ig_embed&amp;ig_rid=43ce0448-e834-4fd8-99b6-470bc338dc6f<\/a><\/p>\n","protected":false},"excerpt":{"rendered":"<p>A miss\u00e3o do evangelista&nbsp;Rubens Cunha&nbsp;tem levado o Evangelho a diversas&nbsp;escolas&nbsp;do Cear\u00e1, nos \u00faltimos dias, em uma grande mobiliza\u00e7\u00e3o para alcan\u00e7ar&nbsp;adolescentes. A Miss\u00e3o Crist\u00e3 de Evangelismo Mundial pregou a mensagem de salva\u00e7\u00e3o em col\u00e9gios das cidades de Ibaretama e Mauriti. Os evangelistas Wagner Duarte, do Brasil, e Victor Serpa, da Fran\u00e7a, realizaram um momento de reflex\u00e3o [&hellip;]<\/p>\n","protected":false},"author":2,"featured_media":22366,"comment_status":"open","ping_status":"open","sticky":false,"template":"","format":"standard","meta":[],"categories":[12,5],"tags":[13],"_links":{"self":[{"href":"https:\/\/dgospel.com.br\/portal\/index.php\/wp-json\/wp\/v2\/posts\/22365"}],"collection":[{"href":"https:\/\/dgospel.com.br\/portal\/index.php\/wp-json\/wp\/v2\/posts"}],"about":[{"href":"https:\/\/dgospel.com.br\/portal\/index.php\/wp-json\/wp\/v2\/types\/post"}],"author":[{"embeddable":true,"href":"https:\/\/dgospel.com.br\/portal\/index.php\/wp-json\/wp\/v2\/users\/2"}],"replies":[{"embeddable":true,"href":"https:\/\/dgospel.com.br\/portal\/index.php\/wp-json\/wp\/v2\/comments?post=22365"}],"version-history":[{"count":2,"href":"https:\/\/dgospel.com.br\/portal\/index.php\/wp-json\/wp\/v2\/posts\/22365\/revisions"}],"predecessor-version":[{"id":22374,"href":"https:\/\/dgospel.com.br\/portal\/index.php\/wp-json\/wp\/v2\/posts\/22365\/revisions\/22374"}],"wp:featuredmedia":[{"embeddable":true,"href":"https:\/\/dgospel.com.br\/portal\/index.php\/wp-json\/wp\/v2\/media\/22366"}],"wp:attachment":[{"href":"https:\/\/dgospel.com.br\/portal\/index.php\/wp-json\/wp\/v2\/media?parent=22365"}],"wp:term":[{"taxonomy":"category","embeddable":true,"href":"https:\/\/dgospel.com.br\/portal\/index.php\/wp-json\/wp\/v2\/categories?post=22365"},{"taxonomy":"post_tag","embeddable":true,"href":"https:\/\/dgospel.com.br\/portal\/index.php\/wp-json\/wp\/v2\/tags?post=22365"}],"curies":[{"name":"wp","href":"https:\/\/api.w.org\/{rel}","templated":true}]}}