{"id":22368,"date":"2025-09-27T10:07:45","date_gmt":"2025-09-27T13:07:45","guid":{"rendered":"https:\/\/dgospel.com.br\/portal\/?p=22368"},"modified":"2025-09-27T10:07:46","modified_gmt":"2025-09-27T13:07:46","slug":"alunos-sao-impedidos-de-fazer-culto-na-ufrgs-pela-2a-vez-preconceito-contra-cristaos","status":"publish","type":"post","link":"https:\/\/dgospel.com.br\/portal\/index.php\/2025\/09\/27\/alunos-sao-impedidos-de-fazer-culto-na-ufrgs-pela-2a-vez-preconceito-contra-cristaos\/","title":{"rendered":"Alunos s\u00e3o impedidos de fazer culto na UFRGS pela 2\u00aa vez: \u2018Preconceito contra crist\u00e3os\u2019"},"content":{"rendered":"\n<p>Um grupo de estudantes crist\u00e3os foi&nbsp;<a href=\"https:\/\/guiame.com.br\/gospel\/noticias\/vereadores-entram-com-acao-apos-ufrgs-barrar-culto-de-alunos-intolerancia-religiosa\"><strong>impedido de realizar um culto<\/strong><\/a>&nbsp;no p\u00e1tio da Universidade Federal do Rio Grande do Sul (UFRGS), pela segunda vez, em Porto Alegre.<\/p>\n\n\n\n<p>Um encontro evangel\u00edstico, organizado pela miss\u00e3o &#8220;Aviva Universit\u00e1rio\u201d, havia sido&nbsp;<a href=\"https:\/\/guiame.com.br\/gospel\/missoes-acao-social\/impedidos-de-fazer-culto-na-ufrgs-jovens-cristaos-pregam-na-rua-e-levam-vidas-jesus.html\"><strong>barrado pela universidade<\/strong><\/a>&nbsp;em agosto.<\/p>\n\n\n\n<p>Na segunda-feira (22), o REDE, um grupo de universit\u00e1rios crist\u00e3os da UFRGS, planejou um momento de adora\u00e7\u00e3o em um local externo do Campus Centro, \u00e0s 19h.<\/p>\n\n\n\n<p>Por\u00e9m, ao chegarem ao local, os estudantes foram impedidos por guardas terceirizados e pela Pol\u00edcia Universit\u00e1ria Federal.<\/p>\n\n\n\n<p>\u201cEu cheguei l\u00e1 pelas 17h15 e j\u00e1 tinha alguns guardas posicionados exatamente no local onde t\u00ednhamos planejado fazer o culto\u201d, contou Bruno Franzoso, l\u00edder do REDE, em entrevista ao&nbsp;<strong>Guiame<\/strong>.<\/p>\n\n\n\n<p>Bruno, que \u00e9 estudante de Hist\u00f3ria na UFRGS, afirmou que ele e outro estudante, Jean Alves, foram at\u00e9 os guardas terceirizados e perguntaram o que estava acontecendo.<\/p>\n\n\n\n<p>\u201cPerguntamos: \u2018Voc\u00eas est\u00e3o aqui para fazer a seguran\u00e7a do culto?\u2019. E eles responderam: \u2018N\u00e3o, viemos aqui para barrar, porque voc\u00eas n\u00e3o t\u00eam autoriza\u00e7\u00e3o\u2019. Eu perguntei se eles tinham algum documento que traga essa ordem e eles disseram: \u2018Voc\u00eas n\u00e3o podem fazer porque n\u00e3o tem autoriza\u00e7\u00e3o, e assim que os policiais federais chegarem podem conversar com eles\u2019\u201d, disse Franzoso.<\/p>\n\n\n\n<p>Logo depois, os seguran\u00e7as da Pol\u00edcia Universit\u00e1ria Federal chegaram no local. \u201cPerguntei pros federais qual era o motivo de n\u00e3o poder fazer o culto ali, um deles disse: \u2018\u00c9 porque a universidade n\u00e3o \u00e9 local de culto e de pol\u00edtica. Eu confrontei ele dizendo que a universidade tem v\u00e1rias a\u00e7\u00f5es pol\u00edticas e cultos acontecendo\u201d, afirmou Bruno.<\/p>\n\n\n\n<p>\u201cChegou uma terceira pessoa, que era o respons\u00e1vel pelos guardas federais da universidade e me disse que a gente n\u00e3o poderia fazer o culto porque n\u00f3s n\u00e3o t\u00ednhamos autoriza\u00e7\u00e3o para isso. Ele bateu nessa tecla durante 25 minutos\u201d, acrescentou.<\/p>\n\n\n\n<p><strong>\u201cNos sentimos como bandidos\u201d<\/strong><\/p>\n\n\n\n<p>O estudante observou que, em agosto, ele e a lideran\u00e7a da Miss\u00e3o Aviva Universit\u00e1rio enviaram um documento formal \u00e0 Reitoria, pedindo autoriza\u00e7\u00e3o para a realiza\u00e7\u00e3o do culto evangel\u00edstico no Campus do Vale, por\u00e9m o pedido foi negado sem justificativa.<\/p>\n\n\n\n<p>\u201cAchei isso bem complicado, porque quando pedimos autoriza\u00e7\u00e3o para fazer o culto do Aviva, a Reitora negou\u201d, comentou.<\/p>\n\n\n\n<p>Dessa vez, os alunos n\u00e3o solicitaram autoriza\u00e7\u00e3o da universidade por que o culto n\u00e3o seria feito com som alto, apenas com viol\u00e3o, e teria poucos participantes. A REDE divulgou o encontro apenas para seus membros.&nbsp;<\/p>\n\n\n\n<p>\u201cFoi bem frustrante. N\u00f3s nos sentimos como bandidos, est\u00e1vamos conversando com eles e os carros da pol\u00edcia da universidade com as luzes da viatura ligadas, o pessoal passando\u201d, confessou Bruno.<\/p>\n\n\n\n<p>\u201cOs guardas garantiram que toda festa, toda a\u00e7\u00e3o que tem dentro da UFRGS tem pedido de autoriza\u00e7\u00e3o para ver se n\u00e3o vai ter som alto. Mas sabemos como as coisas s\u00e3o l\u00e1 dentro, tem muitas festas que a m\u00fasica atrapalha a aula, tem menor que consome bebida e droga, e os guardas n\u00e3o fazem nada\u201d, criticou.<\/p>\n\n\n\n<p>Ap\u00f3s a conversa com o seguran\u00e7a, os estudantes sa\u00edram do campus e realizaram o culto em uma pra\u00e7a, em frente \u00e0 UFRGS. Nesse momento, os guardas ajudaram a fazer a seguran\u00e7a da reuni\u00e3o, posicionando os carros pr\u00f3ximo ao parque.<\/p>\n\n\n\n<p><strong>\u201cLaicidade n\u00e3o significa a aus\u00eancia da manifesta\u00e7\u00e3o religiosa\u201d<\/strong><\/p>\n\n\n\n<p>Para o estudante de Nutri\u00e7\u00e3o da UFRGS, Jean Alves, que estava presente quando a proibi\u00e7\u00e3o ocorreu, a Reitoria n\u00e3o mant\u00e9m uma atitude igualit\u00e1ria ao permitir alguns eventos e barrar outros.<\/p>\n\n\n\n<p>\u201cO primeiro argumento que sempre \u00e9 usado contra n\u00f3s \u00e9 o de que a universidade \u00e9 laica, entretanto sabemos que laicidade n\u00e3o significa a aus\u00eancia da manifesta\u00e7\u00e3o religiosa, mas pelo contr\u00e1rio, a liberdade para toda e qualquer manifesta\u00e7\u00e3o religiosa\u201d, declarou ele, em entrevista ao Guiame.&nbsp;<\/p>\n\n\n\n<p>\u201c\u00c9 ainda mais frustrante quando pensamos que outras manifesta\u00e7\u00f5es de cunho religioso s\u00e3o permitidas livremente na UFRGS, mas quando o objetivo \u00e9 adorar o nome de Jesus, h\u00e1 arbitrariedade\u201d, condenou.<\/p>\n\n\n\n<p>Jean contou que se sente frustrado ao ser proibido de manifestar sua f\u00e9 na universidade. \u201cEu acredito que haja uma certa medida de preconceito religioso contra os crist\u00e3os dentro da UFRGS, especialmente por parte da Reitoria\u201d, avaliou.<\/p>\n\n\n\n<p>\u201cMas h\u00e1 tamb\u00e9m um fator espiritual que n\u00e3o pode ser desconsiderado. H\u00e1 um peso espiritual no ambiente universit\u00e1rio e sabemos que quando n\u00f3s, crist\u00e3os, nos reunimos para adorar o nome do Senhor, batalhas s\u00e3o travadas no mundo espiritual\u201d.<\/p>\n\n\n\n<p>E enfatizou: \u201cEstamos dispostos a seguir travando essas batalhas, at\u00e9 que o nome de Jesus seja exaltado acima de qualquer outro nome dentro da UFRGS\u201d.<\/p>\n\n\n\n<p>Em v\u00eddeo compartilhado no Instagram na \u00faltima quarta-feira (24), a vereadora de Porto Alegre, Mariana Lescano, condenou a proibi\u00e7\u00e3o do culto da REDE e denunciou a realiza\u00e7\u00e3o do evento &#8220;Acampamento da 1\u00aa Jornada de Lutas pela Palestina&#8221;, que iniciou no mesmo dia e local em que o culto aconteceria.<\/p>\n\n\n\n<p>\u201cEstou&nbsp;aqui na UFRGS, onde est\u00e1 tendo o acampamento a favor da Palestina, que a gente sabe que \u00e9 a favor do grupo terrorista Hamas e contra o Estado de Israel. A gente v\u00ea aqui uma faixa onde eles dizem \u2018Vamos romper com o sionismo\u2019. Olha o \u00f3dio que eles t\u00eam dos judeus\u201d, disse a parlamentar.<\/p>\n\n\n\n<p>\u201cOntem mesmo se tentou fazer mais&nbsp;um culto aqui dentro e foi negado. Ou seja, um culto de uma hora dentro da universidade n\u00e3o pode. Mas essa gente aqui, toda acampada, usando espa\u00e7o p\u00fablico, pode?\u201d, questionou.<\/p>\n\n\n\n<p><img src=\"https:\/\/thumbor.guiame.com.br\/unsafe\/smart\/https:\/\/media.guiame.com.br\/archives\/2025\/09\/25\/4118503423-.JPG\" alt=\"\" width=\"600\"><br><sup>Acampamento da 1\u00aa Jornada de Lutas pela Palestina na UFRGS. (Foto: Arquivo pessoal).<\/sup><\/p>\n\n\n\n<p>Mariana Lescano informou que denunciou o acampamento no campus central da UFRGS ao Minist\u00e9rio P\u00fablico e o considerou antissemita.<\/p>\n\n\n\n<p>\u201cMais uma vez, denunciamos ao Minist\u00e9rio P\u00fablico Federal para entender o que esse acampamento est\u00e1 fazendo aqui dentro e cobrar as responsabiliza\u00e7\u00f5es\u201d, afirmou.<\/p>\n\n\n\n<p>Em nota, o grupo de universit\u00e1rios crist\u00e3os da UFRGS REDE declarou que as proibi\u00e7\u00f5es dos cultos por parte da Reitoria s\u00e3o a\u00e7\u00f5es discriminat\u00f3rias contra crist\u00e3os.<\/p>\n\n\n\n<p>\u201cQuando tentamos realizar o culto no Campus no Vale, no dia 12\/8, pedimos autoriza\u00e7\u00e3o para a reitoria, mas sem qualquer justificativa, nossa solicita\u00e7\u00e3o foi negada. Apenas quando o culto frustrado saiu nos grandes ve\u00edculos da imprensa \u00e9 que a reitora se posicionou, afirmando que a UFRGS \u00e9 laica, ent\u00e3o n\u00e3o deve ser lugar de religi\u00e3o\u201d, afirmou.<\/p>\n\n\n\n<p>\u201cEntretanto, sabemos que a \u00fanica religi\u00e3o que n\u00e3o tem espa\u00e7o na UFRGS \u00e9 a religi\u00e3o crist\u00e3. Cultos de outras manifesta\u00e7\u00f5es religiosas ocorrem no Campus do Vale, da mesma forma palestras de diversas figuras pol\u00edticas, e in\u00fameras festas nos campi. At\u00e9 quando a UFRGS continuar\u00e1 com seu preconceito contra os crist\u00e3os?\u201d.<\/p>\n\n\n\n<p>O grupo ainda informou que, com o apoio do Instituto Brasileiro de Direito Religioso (IBDR), tentar\u00e1 uma reuni\u00e3o nas pr\u00f3ximas semanas com a reitora da universidade para defender o direito dos estudantes crist\u00e3os.<\/p>\n\n\n\n<p>Em nota enviada ao Guiame, a UFRGS esclareceu que todas as atividades coletivas realizadas nos espa\u00e7os da universidade precisam de autoriza\u00e7\u00e3o pr\u00e9via, conforme as normas institucionais.<\/p>\n\n\n\n<p>\u201cO grupo de estudantes que pretendia realizar uma reuni\u00e3o religiosa n\u00e3o havia solicitado essa autoriza\u00e7\u00e3o, tampouco a autoriza\u00e7\u00e3o para uso do estacionamento, cuja ocupa\u00e7\u00e3o exige comunica\u00e7\u00e3o \u00e0 Prefeitura do Campus, em raz\u00e3o do impacto no espa\u00e7o e no n\u00famero de vagas\u201d, afirmou.<\/p>\n\n\n\n<p>\u201cNo di\u00e1logo com a equipe de seguran\u00e7a, a situa\u00e7\u00e3o foi conduzida de forma amistosa. Os estudantes optaram por realizar sua atividade em outro local, nas proximidades do Instituto de Educa\u00e7\u00e3o, e solicitaram acompanhamento da Coordenadoria de Seguran\u00e7a, que esteve presente durante a realiza\u00e7\u00e3o\u201d, acrescentou.<\/p>\n\n\n\n<p>A UFRGS declarou que garante a liberdade de culto e manifesta\u00e7\u00e3o, \u201cdesde que os tr\u00e2mites regulares sejam respeitados, assegurando a todas as iniciativas da comunidade acad\u00eamica tratamento igualit\u00e1rio\u201d.<\/p>\n\n\n\n<p><a href=\"https:\/\/www.instagram.com\/p\/DO91MiUDEGu\/?utm_source=ig_embed&amp;ig_rid=d69b3d5e-2ac3-4fdc-a827-afe4d974f1d9\">https:\/\/www.instagram.com\/p\/DO91MiUDEGu\/?utm_source=ig_embed&amp;ig_rid=d69b3d5e-2ac3-4fdc-a827-afe4d974f1d9<\/a><\/p>\n","protected":false},"excerpt":{"rendered":"<p>Um grupo de estudantes crist\u00e3os foi&nbsp;impedido de realizar um culto&nbsp;no p\u00e1tio da Universidade Federal do Rio Grande do Sul (UFRGS), pela segunda vez, em Porto Alegre. Um encontro evangel\u00edstico, organizado pela miss\u00e3o &#8220;Aviva Universit\u00e1rio\u201d, havia sido&nbsp;barrado pela universidade&nbsp;em agosto. Na segunda-feira (22), o REDE, um grupo de universit\u00e1rios crist\u00e3os da UFRGS, planejou um momento de [&hellip;]<\/p>\n","protected":false},"author":2,"featured_media":22369,"comment_status":"open","ping_status":"open","sticky":false,"template":"","format":"standard","meta":[],"categories":[10],"tags":[13],"_links":{"self":[{"href":"https:\/\/dgospel.com.br\/portal\/index.php\/wp-json\/wp\/v2\/posts\/22368"}],"collection":[{"href":"https:\/\/dgospel.com.br\/portal\/index.php\/wp-json\/wp\/v2\/posts"}],"about":[{"href":"https:\/\/dgospel.com.br\/portal\/index.php\/wp-json\/wp\/v2\/types\/post"}],"author":[{"embeddable":true,"href":"https:\/\/dgospel.com.br\/portal\/index.php\/wp-json\/wp\/v2\/users\/2"}],"replies":[{"embeddable":true,"href":"https:\/\/dgospel.com.br\/portal\/index.php\/wp-json\/wp\/v2\/comments?post=22368"}],"version-history":[{"count":1,"href":"https:\/\/dgospel.com.br\/portal\/index.php\/wp-json\/wp\/v2\/posts\/22368\/revisions"}],"predecessor-version":[{"id":22370,"href":"https:\/\/dgospel.com.br\/portal\/index.php\/wp-json\/wp\/v2\/posts\/22368\/revisions\/22370"}],"wp:featuredmedia":[{"embeddable":true,"href":"https:\/\/dgospel.com.br\/portal\/index.php\/wp-json\/wp\/v2\/media\/22369"}],"wp:attachment":[{"href":"https:\/\/dgospel.com.br\/portal\/index.php\/wp-json\/wp\/v2\/media?parent=22368"}],"wp:term":[{"taxonomy":"category","embeddable":true,"href":"https:\/\/dgospel.com.br\/portal\/index.php\/wp-json\/wp\/v2\/categories?post=22368"},{"taxonomy":"post_tag","embeddable":true,"href":"https:\/\/dgospel.com.br\/portal\/index.php\/wp-json\/wp\/v2\/tags?post=22368"}],"curies":[{"name":"wp","href":"https:\/\/api.w.org\/{rel}","templated":true}]}}