{"id":22371,"date":"2025-09-27T10:11:52","date_gmt":"2025-09-27T13:11:52","guid":{"rendered":"https:\/\/dgospel.com.br\/portal\/?p=22371"},"modified":"2025-09-27T10:11:53","modified_gmt":"2025-09-27T13:11:53","slug":"policia-interrompe-culto-em-anfiteatro-e-cristaos-louvam-na-rua-em-cuba","status":"publish","type":"post","link":"https:\/\/dgospel.com.br\/portal\/index.php\/2025\/09\/27\/policia-interrompe-culto-em-anfiteatro-e-cristaos-louvam-na-rua-em-cuba\/","title":{"rendered":"Pol\u00edcia interrompe culto em anfiteatro e crist\u00e3os louvam na rua em Cuba"},"content":{"rendered":"\n<p>Um encontro de adora\u00e7\u00e3o foi interrompido pela pol\u00edcia enquanto centenas de crist\u00e3os cultuavam em um complexo de eventos, em&nbsp;<a href=\"https:\/\/guiame.com.br\/gospel\/missoes-acao-social\/pastor-e-interrogado-apos-dizer-que-deus-pode-ajudar-resolver-os-problemas-de-cuba.html\"><strong>Cuba<\/strong><\/a>.<\/p>\n\n\n\n<p>Segundo o Evang\u00e9lico Digital, diversas&nbsp;<a href=\"https:\/\/guiame.com.br\/gospel\/missoes-acao-social\/80-das-igrejas-de-cuba-enfrentam-restricoes-severas-por-falta-de-reconhecimento-legal.html\"><strong>igrejas<\/strong><\/a>&nbsp;evang\u00e9licas alugaram o local chamado Santiago Tropicana para realizar o culto, na cidade de Santiago de Cuba, na \u00faltima ter\u00e7a-feira (23).<\/p>\n\n\n\n<p>A celebra\u00e7\u00e3o j\u00e1 havia come\u00e7ado quando a dire\u00e7\u00e3o do local recebeu a ordem das autoridades comunistas de paralisar o evento e os policiais interromperam o culto imediatamente.<\/p>\n\n\n\n<p>Os crist\u00e3os que j\u00e1 haviam entrado no complexo foram expulsos e outros que estavam do lado de fora foram impedidos de entrar.<\/p>\n\n\n\n<p>\u201cAlugamos o lugar uma semana antes e eles nos confirmaram para esta segunda-feira. Foi dif\u00edcil para n\u00f3s movimentar muita log\u00edstica. Mas quando est\u00e1vamos l\u00e1 dentro, no in\u00edcio do evento, eles nos disseram para parar&#8221;, disse uma pessoa que estava no comando da organiza\u00e7\u00e3o, em entrevista \u00e0 p\u00e1gina do comunicador Yosmany Mayeta Labrada.<\/p>\n\n\n\n<p>Mas, na rua em frente ao local, os crist\u00e3os come\u00e7aram a cantar louvores e a declarar proclama\u00e7\u00f5es de f\u00e9 com shofar, em uma manifesta\u00e7\u00e3o espont\u00e2nea de resist\u00eancia espiritual.<\/p>\n\n\n\n<p>&#8220;Eles n\u00e3o nos deixaram entrar; em vez disso, eles trouxeram aqueles que estavam dentro. Mas o prop\u00f3sito de Deus foi cumprido: a semente foi semeada naquele lugar e n\u00f3s declaramos esse espa\u00e7o para Cristo. Vamos voltar&#8221;, disse uma participante, em entrevista \u00e0 p\u00e1gina do comunicador Yosmany Mayeta Labrada.<\/p>\n\n\n\n<p>Um l\u00edder afirmou que, embora n\u00e3o tenham conseguido concluir o culto como planejado, o fato da Igreja ter chegado a Santiago Tropicana j\u00e1 era uma vit\u00f3ria espiritual e um s\u00edmbolo de que o Evangelho n\u00e3o pode ser detido.<\/p>\n\n\n\n<p>Um v\u00eddeo compartilhado nas redes sociais por Yosmany mostra o primeiro momento do culto, onde os crist\u00e3os adoram com louvores e dan\u00e7as. No segundo momento, os fi\u00e9is j\u00e1 est\u00e3o fora do complexo, respondendo \u00e0 censura com adora\u00e7\u00e3o e ora\u00e7\u00f5es.<\/p>\n\n\n\n<p>Os motivos do cancelamento repentino no evento crist\u00e3o n\u00e3o foram divulgados. Segundo as igrejas em Santiago de Cuba, o epis\u00f3dio \u00e9 mais um caso de repress\u00e3o e persegui\u00e7\u00e3o contra os crist\u00e3os na cidade.<\/p>\n\n\n\n<p><strong>N\u00famero de evang\u00e9licos aumentou em Cuba<\/strong><\/p>\n\n\n\n<p>Apesar das restri\u00e7\u00f5es hist\u00f3ricas \u00e0 liberdade religiosa, o&nbsp;<a href=\"https:\/\/guiame.com.br\/gospel\/noticias\/ex-estado-ateu-cuba-tem-aumento-de-evangelicos-e-oracoes-em-publico.html\"><strong>n\u00famero de crist\u00e3os evang\u00e9licos em Cuba tem aumentado<\/strong><\/a>&nbsp;significativamente nos \u00faltimos anos, segundo informa\u00e7\u00f5es da BBC News Brasil.<\/p>\n\n\n\n<p>Os cultos e ora\u00e7\u00f5es em locais p\u00fablicos em Havana, capital cubana, se tornaram uma cena cada vez mais comum.<\/p>\n\n\n\n<p>Cuba ocupa a 26\u00aa posi\u00e7\u00e3o da Lista Mundial da Persegui\u00e7\u00e3o 2025 da Miss\u00e3o Portas Abertas.<\/p>\n\n\n\n<p><a href=\"https:\/\/www.instagram.com\/reel\/DO8qf6Ej7Zi\/?utm_source=ig_embed&amp;ig_rid=f5dfb4d3-11d2-490e-a8d2-7cee7b0bbef8\">https:\/\/www.instagram.com\/reel\/DO8qf6Ej7Zi\/?utm_source=ig_embed&amp;ig_rid=f5dfb4d3-11d2-490e-a8d2-7cee7b0bbef8<\/a><\/p>\n","protected":false},"excerpt":{"rendered":"<p>Um encontro de adora\u00e7\u00e3o foi interrompido pela pol\u00edcia enquanto centenas de crist\u00e3os cultuavam em um complexo de eventos, em&nbsp;Cuba. Segundo o Evang\u00e9lico Digital, diversas&nbsp;igrejas&nbsp;evang\u00e9licas alugaram o local chamado Santiago Tropicana para realizar o culto, na cidade de Santiago de Cuba, na \u00faltima ter\u00e7a-feira (23). A celebra\u00e7\u00e3o j\u00e1 havia come\u00e7ado quando a dire\u00e7\u00e3o do local recebeu [&hellip;]<\/p>\n","protected":false},"author":2,"featured_media":22372,"comment_status":"open","ping_status":"open","sticky":false,"template":"","format":"standard","meta":[],"categories":[16],"tags":[13],"_links":{"self":[{"href":"https:\/\/dgospel.com.br\/portal\/index.php\/wp-json\/wp\/v2\/posts\/22371"}],"collection":[{"href":"https:\/\/dgospel.com.br\/portal\/index.php\/wp-json\/wp\/v2\/posts"}],"about":[{"href":"https:\/\/dgospel.com.br\/portal\/index.php\/wp-json\/wp\/v2\/types\/post"}],"author":[{"embeddable":true,"href":"https:\/\/dgospel.com.br\/portal\/index.php\/wp-json\/wp\/v2\/users\/2"}],"replies":[{"embeddable":true,"href":"https:\/\/dgospel.com.br\/portal\/index.php\/wp-json\/wp\/v2\/comments?post=22371"}],"version-history":[{"count":1,"href":"https:\/\/dgospel.com.br\/portal\/index.php\/wp-json\/wp\/v2\/posts\/22371\/revisions"}],"predecessor-version":[{"id":22373,"href":"https:\/\/dgospel.com.br\/portal\/index.php\/wp-json\/wp\/v2\/posts\/22371\/revisions\/22373"}],"wp:featuredmedia":[{"embeddable":true,"href":"https:\/\/dgospel.com.br\/portal\/index.php\/wp-json\/wp\/v2\/media\/22372"}],"wp:attachment":[{"href":"https:\/\/dgospel.com.br\/portal\/index.php\/wp-json\/wp\/v2\/media?parent=22371"}],"wp:term":[{"taxonomy":"category","embeddable":true,"href":"https:\/\/dgospel.com.br\/portal\/index.php\/wp-json\/wp\/v2\/categories?post=22371"},{"taxonomy":"post_tag","embeddable":true,"href":"https:\/\/dgospel.com.br\/portal\/index.php\/wp-json\/wp\/v2\/tags?post=22371"}],"curies":[{"name":"wp","href":"https:\/\/api.w.org\/{rel}","templated":true}]}}