{"id":22375,"date":"2025-09-27T10:20:56","date_gmt":"2025-09-27T13:20:56","guid":{"rendered":"https:\/\/dgospel.com.br\/portal\/?p=22375"},"modified":"2025-09-27T10:20:57","modified_gmt":"2025-09-27T13:20:57","slug":"moraes-proibe-que-bispo-rodovalho-va-a-reuniao-de-oracao-na-casa-de-bolsonaro","status":"publish","type":"post","link":"https:\/\/dgospel.com.br\/portal\/index.php\/2025\/09\/27\/moraes-proibe-que-bispo-rodovalho-va-a-reuniao-de-oracao-na-casa-de-bolsonaro\/","title":{"rendered":"Moraes pro\u00edbe que bispo Rodovalho v\u00e1 a reuni\u00e3o de ora\u00e7\u00e3o na casa de Bolsonaro"},"content":{"rendered":"\n<p>O ministro do Supremo Tribunal Federal (STF) Alexandre de Moraes barrou a inclus\u00e3o do bispo Robson Rodovalho, da Igreja Sara Nossa Terra, no grupo religioso autorizado a visitar o ex-presidente Jair Bolsonaro (PL), que cumpre pris\u00e3o domiciliar h\u00e1 mais de um m\u00eas.<\/p>\n\n\n\n<p>Segundo a decis\u00e3o, Bolsonaro permanece detido enquanto aguarda os pr\u00f3ximos desdobramentos da condena\u00e7\u00e3o imposta pelo STF, que o sentenciou a 27 anos e 3 meses de pris\u00e3o.<\/p>\n\n\n\n<p>De acordo com a peti\u00e7\u00e3o da defesa, o pedido de inclus\u00e3o de Rodovalho foi protocolado em 19 de setembro (sexta-feira), com a informa\u00e7\u00e3o de que a\u00a0<a href=\"https:\/\/noticias.gospelmais.com\/damares-horas-oracao-bolsonaro-esta-sereno-182138.html\"><strong>reuni\u00e3o de ora\u00e7\u00e3o<\/strong><\/a>\u00a0ocorreria em 24 de setembro (quarta-feira). A solicita\u00e7\u00e3o citou a Lei n\u00ba 7.210\/1984 (Lei de Execu\u00e7\u00e3o Penal), que assegura assist\u00eancia religiosa a pessoas privadas de liberdade em institui\u00e7\u00f5es civis e militares.<\/p>\n\n\n\n<p>Ao analisar o caso, Moraes afirmou que o grupo n\u00e3o pode se desviar de sua finalidade principal. Em seu despacho, registrou: \u201cO \u2018Grupo de Ora\u00e7\u00f5es\u2019, entretanto, n\u00e3o pode ser usado como desvio de finalidade, acrescentando diversas e distintas pessoas como integrantes somente para a realiza\u00e7\u00e3o de visitas n\u00e3o especificamente requeridas\u201d.<\/p>\n\n\n\n<p>A resposta foi divulgada em 23 de setembro (ter\u00e7a-feira), ocasi\u00e3o em que o nome de Robson Rodovalho foi oficialmente vetado. Al\u00e9m de l\u00edder religioso e fundador da Igreja Sara Nossa Terra, Rodovalho atuou na pol\u00edtica: foi deputado federal pelo Distrito Federal entre 2006 e 2010. Em 2010, teve o mandato cassado pelo Tribunal Superior Eleitoral (TSE) por infidelidade partid\u00e1ria, ap\u00f3s a mudan\u00e7a do DEM para o PP, de acordo com informa\u00e7\u00f5es da Ag\u00eancia Estado.<\/p>\n\n\n\n<p>A decis\u00e3o do STF de que o acesso do grupo religioso ao custodiado deve circunscrever-se \u00e0 finalidade de assist\u00eancia espiritual, sem amplia\u00e7\u00e3o de integrantes para fins de visita fora do escopo previamente requerido, ignora a atua\u00e7\u00e3o de Rodovalho \u2013 fora da pol\u00edtica h\u00e1 15 anos \u2013 como ministro religioso e amigo pessoal de Bolsonaro.<\/p>\n","protected":false},"excerpt":{"rendered":"<p>O ministro do Supremo Tribunal Federal (STF) Alexandre de Moraes barrou a inclus\u00e3o do bispo Robson Rodovalho, da Igreja Sara Nossa Terra, no grupo religioso autorizado a visitar o ex-presidente Jair Bolsonaro (PL), que cumpre pris\u00e3o domiciliar h\u00e1 mais de um m\u00eas. Segundo a decis\u00e3o, Bolsonaro permanece detido enquanto aguarda os pr\u00f3ximos desdobramentos da condena\u00e7\u00e3o [&hellip;]<\/p>\n","protected":false},"author":2,"featured_media":22376,"comment_status":"open","ping_status":"open","sticky":false,"template":"","format":"standard","meta":[],"categories":[10],"tags":[13],"_links":{"self":[{"href":"https:\/\/dgospel.com.br\/portal\/index.php\/wp-json\/wp\/v2\/posts\/22375"}],"collection":[{"href":"https:\/\/dgospel.com.br\/portal\/index.php\/wp-json\/wp\/v2\/posts"}],"about":[{"href":"https:\/\/dgospel.com.br\/portal\/index.php\/wp-json\/wp\/v2\/types\/post"}],"author":[{"embeddable":true,"href":"https:\/\/dgospel.com.br\/portal\/index.php\/wp-json\/wp\/v2\/users\/2"}],"replies":[{"embeddable":true,"href":"https:\/\/dgospel.com.br\/portal\/index.php\/wp-json\/wp\/v2\/comments?post=22375"}],"version-history":[{"count":1,"href":"https:\/\/dgospel.com.br\/portal\/index.php\/wp-json\/wp\/v2\/posts\/22375\/revisions"}],"predecessor-version":[{"id":22377,"href":"https:\/\/dgospel.com.br\/portal\/index.php\/wp-json\/wp\/v2\/posts\/22375\/revisions\/22377"}],"wp:featuredmedia":[{"embeddable":true,"href":"https:\/\/dgospel.com.br\/portal\/index.php\/wp-json\/wp\/v2\/media\/22376"}],"wp:attachment":[{"href":"https:\/\/dgospel.com.br\/portal\/index.php\/wp-json\/wp\/v2\/media?parent=22375"}],"wp:term":[{"taxonomy":"category","embeddable":true,"href":"https:\/\/dgospel.com.br\/portal\/index.php\/wp-json\/wp\/v2\/categories?post=22375"},{"taxonomy":"post_tag","embeddable":true,"href":"https:\/\/dgospel.com.br\/portal\/index.php\/wp-json\/wp\/v2\/tags?post=22375"}],"curies":[{"name":"wp","href":"https:\/\/api.w.org\/{rel}","templated":true}]}}