{"id":22378,"date":"2025-09-27T10:58:15","date_gmt":"2025-09-27T13:58:15","guid":{"rendered":"https:\/\/dgospel.com.br\/portal\/?p=22378"},"modified":"2025-09-27T11:20:59","modified_gmt":"2025-09-27T14:20:59","slug":"direita-convoca-para-caminhada-da-anistia-dia-7-10-em-brasilia","status":"publish","type":"post","link":"https:\/\/dgospel.com.br\/portal\/index.php\/2025\/09\/27\/direita-convoca-para-caminhada-da-anistia-dia-7-10-em-brasilia\/","title":{"rendered":"Direita convoca para \u201cCaminhada da Anistia\u201d dia 7\/10 em Bras\u00edlia"},"content":{"rendered":"\n<p>Um v\u00eddeo divulgado nas redes sociais nesta sexta-feira (26) anunciou a Caminhada da Anistia, marcada para 7 de outubro, \u00e0s 16h, em Bras\u00edlia, com sa\u00edda da Catedral Metropolitana.<\/p>\n\n\n\n<p>Entre os nomes que convocam a popula\u00e7\u00e3o est\u00e3o a ex-primeira-dama Michelle Bolsonaro, o pastor Silas Malafaia, o deputado Gustavo Gayer (PL-GO), o senador Fl\u00e1vio Bolsonaro (PL-RJ), o deputado S\u00f3stenes Cavalcante (PL-RJ) e o senador Magno Malta (PL-ES).<\/p>\n\n\n\n<p>Segundo os organizadores, o ato ter\u00e1 car\u00e1ter pac\u00edfico e diferenciado das manifesta\u00e7\u00f5es da esquerda, sem atra\u00e7\u00f5es art\u00edsticas pagas.<\/p>\n\n\n\n<p>\u2013 Os artistas ser\u00e3o os familiares dos presos pol\u00edticos \u2013 afirmou Silas Malafaia.<\/p>\n\n\n\n<p>O senador Fl\u00e1vio Bolsonaro destacou que a mobiliza\u00e7\u00e3o \u00e9 feita pela pr\u00f3pria popula\u00e7\u00e3o.<\/p>\n\n\n\n<p>\u2013 Voc\u00ea \u00e9 o nosso artista, voc\u00ea \u00e9 a estrela do filme da vida real que vai para as ruas de gra\u00e7a porque tem cora\u00e7\u00e3o e quer o melhor para o nosso Brasil \u2013 disse.<\/p>\n\n\n\n<p>O movimento pretende pressionar o Congresso Nacional a aprovar o projeto de lei que trata da anistia de presos e exilados por atos pol\u00edticos.<\/p>\n\n\n\n<p><a href=\"https:\/\/www.instagram.com\/reel\/DPFK0LrEqHK\/?utm_source=ig_embed&amp;ig_rid=cb5a7685-98c4-4b1f-ad45-574b1accb35c\">https:\/\/www.instagram.com\/reel\/DPFK0LrEqHK\/?utm_source=ig_embed&amp;ig_rid=cb5a7685-98c4-4b1f-ad45-574b1accb35c<\/a><\/p>\n","protected":false},"excerpt":{"rendered":"<p>Um v\u00eddeo divulgado nas redes sociais nesta sexta-feira (26) anunciou a Caminhada da Anistia, marcada para 7 de outubro, \u00e0s 16h, em Bras\u00edlia, com sa\u00edda da Catedral Metropolitana. Entre os nomes que convocam a popula\u00e7\u00e3o est\u00e3o a ex-primeira-dama Michelle Bolsonaro, o pastor Silas Malafaia, o deputado Gustavo Gayer (PL-GO), o senador Fl\u00e1vio Bolsonaro (PL-RJ), o [&hellip;]<\/p>\n","protected":false},"author":2,"featured_media":22379,"comment_status":"open","ping_status":"open","sticky":false,"template":"","format":"standard","meta":[],"categories":[4],"tags":[13],"_links":{"self":[{"href":"https:\/\/dgospel.com.br\/portal\/index.php\/wp-json\/wp\/v2\/posts\/22378"}],"collection":[{"href":"https:\/\/dgospel.com.br\/portal\/index.php\/wp-json\/wp\/v2\/posts"}],"about":[{"href":"https:\/\/dgospel.com.br\/portal\/index.php\/wp-json\/wp\/v2\/types\/post"}],"author":[{"embeddable":true,"href":"https:\/\/dgospel.com.br\/portal\/index.php\/wp-json\/wp\/v2\/users\/2"}],"replies":[{"embeddable":true,"href":"https:\/\/dgospel.com.br\/portal\/index.php\/wp-json\/wp\/v2\/comments?post=22378"}],"version-history":[{"count":2,"href":"https:\/\/dgospel.com.br\/portal\/index.php\/wp-json\/wp\/v2\/posts\/22378\/revisions"}],"predecessor-version":[{"id":22382,"href":"https:\/\/dgospel.com.br\/portal\/index.php\/wp-json\/wp\/v2\/posts\/22378\/revisions\/22382"}],"wp:featuredmedia":[{"embeddable":true,"href":"https:\/\/dgospel.com.br\/portal\/index.php\/wp-json\/wp\/v2\/media\/22379"}],"wp:attachment":[{"href":"https:\/\/dgospel.com.br\/portal\/index.php\/wp-json\/wp\/v2\/media?parent=22378"}],"wp:term":[{"taxonomy":"category","embeddable":true,"href":"https:\/\/dgospel.com.br\/portal\/index.php\/wp-json\/wp\/v2\/categories?post=22378"},{"taxonomy":"post_tag","embeddable":true,"href":"https:\/\/dgospel.com.br\/portal\/index.php\/wp-json\/wp\/v2\/tags?post=22378"}],"curies":[{"name":"wp","href":"https:\/\/api.w.org\/{rel}","templated":true}]}}