{"id":22383,"date":"2025-09-30T08:46:00","date_gmt":"2025-09-30T11:46:00","guid":{"rendered":"https:\/\/dgospel.com.br\/portal\/?p=22383"},"modified":"2025-09-30T08:46:01","modified_gmt":"2025-09-30T11:46:01","slug":"prefeito-eduardo-siqueira-campos-destaca-investimentos-e-reafirma-compromisso-politico-durante-lancamento-do-centro-esportivo-comunitario-arena-brasil","status":"publish","type":"post","link":"https:\/\/dgospel.com.br\/portal\/index.php\/2025\/09\/30\/prefeito-eduardo-siqueira-campos-destaca-investimentos-e-reafirma-compromisso-politico-durante-lancamento-do-centro-esportivo-comunitario-arena-brasil\/","title":{"rendered":"Prefeito Eduardo Siqueira Campos destaca investimentos e reafirma compromisso pol\u00edtico durante lan\u00e7amento do Centro Esportivo Comunit\u00e1rio Arena Brasil"},"content":{"rendered":"\n<p>O lan\u00e7amento do Centro Esportivo Comunit\u00e1rio Arena Brasil, realizado nesta segunda-feira, 29, no bairro Irm\u00e3 Dulce, em Palmas, foi marcado pelo an\u00fancio de novos investimentos na capital. O evento contou com a presen\u00e7a do ministro do Esporte, Andr\u00e9 Fufuca, do senador Iraj\u00e1 Abreu, do deputado federal Vicentinho J\u00fanior, de vereadores, secret\u00e1rios municipais, al\u00e9m de dez prefeitos do Tocantins, representante do Governo do Estado e comunidade local.<\/p>\n\n\n\n<p>Eduardo Siqueira Campos reafirmou sua determina\u00e7\u00e3o em priorizar obras estruturantes e em manter o di\u00e1logo institucional com os diferentes poderes. Ele anunciou a assinatura da ordem de servi\u00e7o para projetos de drenagem e pavimenta\u00e7\u00e3o no bairro, e destacou que \u201cn\u00e3o se faz mais asfalto sem drenagem\u201d e que sua gest\u00e3o entrar\u00e1 para a hist\u00f3ria do Irm\u00e3 Dulce por entregar o t\u00e3o aguardado asfalto.<\/p>\n\n\n\n<p>O prefeito tamb\u00e9m ressaltou a import\u00e2ncia da parceria com parlamentares federais, e lembrou que Palmas voltou a buscar recursos em Bras\u00edlia ap\u00f3s 12 anos. \u201cVamos chegar a R$ 50 milh\u00f5es em verbas da bancada federal. O povo tem o direito de saber quem est\u00e1 trazendo recursos para a nossa cidade, e eu fa\u00e7o quest\u00e3o de reconhecer cada parlamentar\u201d, afirmou.<\/p>\n\n\n\n<h3><strong>Fufuca: \u201cInvestir em esporte \u00e9 salvar vidas\u201d<\/strong><\/h3>\n\n\n\n<p>O ministro do Esporte, Andr\u00e9 Fufuca, fez um dos discursos mais emocionados do evento. Ele destacou o impacto do esporte como ferramenta de transforma\u00e7\u00e3o social, especialmente para crian\u00e7as e jovens em situa\u00e7\u00e3o de vulnerabilidade.<\/p>\n\n\n\n<p>\u201cQuem investe em esporte investe no futuro dos nossos filhos. Prefiro mil vezes ver uma m\u00e3e chorar de emo\u00e7\u00e3o porque o filho se tornou atleta, do que v\u00ea-la chorar por t\u00ea-lo perdido para a viol\u00eancia. O esporte \u00e9 o caminho para salvar vidas e construir cidad\u00e3os de bem\u201d, afirmou.<\/p>\n\n\n\n<p>Fufuca anunciou a constru\u00e7\u00e3o de dois centros esportivos no Tocantins \u2013 um em Luzimangues (Porto Nacional) e outro em Palmas \u2013 e se comprometeu a ampliar a iniciativa para outros bairros da capital. \u201cAtendendo ao pedido do prefeito Eduardo, vamos garantir tamb\u00e9m uma arena para o Taquari, para que esse projeto chegue a todos os cantos da cidade\u201d, confirmou.<\/p>\n\n\n\n<p>O ministro ainda destacou que Palmas ser\u00e1 uma das primeiras cidades da regi\u00e3o norte do Brasil a implantar o programa TEAtivo, voltado para crian\u00e7as e jovens autistas, com n\u00facleos tamb\u00e9m em Gurupi e Aragua\u00edna.<\/p>\n\n\n\n<p>\u201cO Tocantins \u00e9 prioridade. Estamos aqui n\u00e3o apenas para inaugurar obras, mas para criar oportunidades e abrir portas para o futuro. Palmas ser\u00e1 refer\u00eancia nacional na pol\u00edtica esportiva do nosso minist\u00e9rio\u201d, concluiu.<\/p>\n\n\n\n<h3><strong>Vicentinho refor\u00e7a compromisso com o municipalismo<\/strong><\/h3>\n\n\n\n<p>O deputado federal Vicentinho J\u00fanior, um dos articuladores para a vinda do ministro ao Tocantins, defendeu a import\u00e2ncia de parcerias institucionais acima das diferen\u00e7as pol\u00edticas. Ele ressaltou que mais de dez munic\u00edpios tocantinenses ser\u00e3o contemplados com arenas esportivas e destacou a lideran\u00e7a do prefeito Eduardo.<\/p>\n\n\n\n<p>\u201cQuando diziam que Eduardo estava sozinho, mostramos que Palmas tem portas abertas em Bras\u00edlia. Hoje ele n\u00e3o s\u00f3 traz o ministro, mas traz benef\u00edcios concretos para a nossa capital e para todo o Tocantins\u201d, afirmou.<\/p>\n\n\n\n<h3><strong>S\u00edntese pol\u00edtica<\/strong><\/h3>\n\n\n\n<p>O evento, que uniu lideran\u00e7as municipais, estaduais e federais, consolidou a Arena Brasil como s\u00edmbolo de integra\u00e7\u00e3o pol\u00edtica em torno de Palmas. Mais do que um espa\u00e7o esportivo, o lan\u00e7amento foi palco de declara\u00e7\u00f5es de compromisso com a infraestrutura, a cidadania e o futuro da capital.<\/p>\n\n\n\n<p>Eduardo encerrou seu discurso destacando f\u00e9, resili\u00eancia e trabalho. \u201cEu n\u00e3o vou agradar a todos, mas n\u00e3o me falta coragem para enfrentar desafios. Estou aqui para servir a Palmas, cidade que meu pai fundou, e \u00e9 aqui que vou cumprir minha miss\u00e3o\u201d, concluiu.<\/p>\n","protected":false},"excerpt":{"rendered":"<p>O lan\u00e7amento do Centro Esportivo Comunit\u00e1rio Arena Brasil, realizado nesta segunda-feira, 29, no bairro Irm\u00e3 Dulce, em Palmas, foi marcado pelo an\u00fancio de novos investimentos na capital. O evento contou com a presen\u00e7a do ministro do Esporte, Andr\u00e9 Fufuca, do senador Iraj\u00e1 Abreu, do deputado federal Vicentinho J\u00fanior, de vereadores, secret\u00e1rios municipais, al\u00e9m de dez [&hellip;]<\/p>\n","protected":false},"author":2,"featured_media":22384,"comment_status":"open","ping_status":"open","sticky":false,"template":"","format":"standard","meta":[],"categories":[3],"tags":[13],"_links":{"self":[{"href":"https:\/\/dgospel.com.br\/portal\/index.php\/wp-json\/wp\/v2\/posts\/22383"}],"collection":[{"href":"https:\/\/dgospel.com.br\/portal\/index.php\/wp-json\/wp\/v2\/posts"}],"about":[{"href":"https:\/\/dgospel.com.br\/portal\/index.php\/wp-json\/wp\/v2\/types\/post"}],"author":[{"embeddable":true,"href":"https:\/\/dgospel.com.br\/portal\/index.php\/wp-json\/wp\/v2\/users\/2"}],"replies":[{"embeddable":true,"href":"https:\/\/dgospel.com.br\/portal\/index.php\/wp-json\/wp\/v2\/comments?post=22383"}],"version-history":[{"count":1,"href":"https:\/\/dgospel.com.br\/portal\/index.php\/wp-json\/wp\/v2\/posts\/22383\/revisions"}],"predecessor-version":[{"id":22385,"href":"https:\/\/dgospel.com.br\/portal\/index.php\/wp-json\/wp\/v2\/posts\/22383\/revisions\/22385"}],"wp:featuredmedia":[{"embeddable":true,"href":"https:\/\/dgospel.com.br\/portal\/index.php\/wp-json\/wp\/v2\/media\/22384"}],"wp:attachment":[{"href":"https:\/\/dgospel.com.br\/portal\/index.php\/wp-json\/wp\/v2\/media?parent=22383"}],"wp:term":[{"taxonomy":"category","embeddable":true,"href":"https:\/\/dgospel.com.br\/portal\/index.php\/wp-json\/wp\/v2\/categories?post=22383"},{"taxonomy":"post_tag","embeddable":true,"href":"https:\/\/dgospel.com.br\/portal\/index.php\/wp-json\/wp\/v2\/tags?post=22383"}],"curies":[{"name":"wp","href":"https:\/\/api.w.org\/{rel}","templated":true}]}}