{"id":22386,"date":"2025-09-30T09:07:51","date_gmt":"2025-09-30T12:07:51","guid":{"rendered":"https:\/\/dgospel.com.br\/portal\/?p=22386"},"modified":"2025-09-30T09:07:52","modified_gmt":"2025-09-30T12:07:52","slug":"fux-decide-manter-numero-atual-de-deputados-nas-eleicoes-de-2026","status":"publish","type":"post","link":"https:\/\/dgospel.com.br\/portal\/index.php\/2025\/09\/30\/fux-decide-manter-numero-atual-de-deputados-nas-eleicoes-de-2026\/","title":{"rendered":"Fux decide manter n\u00famero atual de deputados nas elei\u00e7\u00f5es de 2026"},"content":{"rendered":"\n<p>O ministro&nbsp;<a href=\"http:\/\/pleno.news\/tag\/luiz-fux\" target=\"_blank\" rel=\"noreferrer noopener\">Luiz Fux<\/a>, do Supremo Tribunal Federal (<a href=\"http:\/\/pleno.news\/tag\/stf\" target=\"_blank\" rel=\"noreferrer noopener\">STF<\/a>), atendeu, nesta segunda-feira (29), ao pedido do presidente do Congresso e do Senado, Davi Alcolumbre (Uni\u00e3o Brasil-AP), e determinou que a distribui\u00e7\u00e3o de vagas na C\u00e2mara dos Deputados n\u00e3o seja alterada para as elei\u00e7\u00f5es de 2026.<\/p>\n\n\n\n<p>O pedido tinha sido feito ap\u00f3s o presidente Luiz In\u00e1cio Lula da Silva (PT) vetar a cria\u00e7\u00e3o de novas cadeiras na C\u00e2mara, que objetivava evitar a perda de representantes por parte de alguns estados. A decis\u00e3o de Fux se deu baseada no \u00e2mbito de uma a\u00e7\u00e3o judicial que determinou que o Congresso deveria definir, at\u00e9 30 de junho, uma nova distribui\u00e7\u00e3o das 513 cadeiras da C\u00e2mara com base na popula\u00e7\u00e3o de cada Estado.<\/p>\n\n\n\n<p>\u2013 Defiro o pedido cautelar para sustar a aplica\u00e7\u00e3o dos efeitos da decis\u00e3o de m\u00e9rito proferida nesta ADO \u00e0s elei\u00e7\u00f5es legislativas federais de 2026, at\u00e9 que seja conclu\u00eddo o devido processo legislativo, cujo resultado poder\u00e1 ser aplicado, com seguran\u00e7a e clareza, a partir das elei\u00e7\u00f5es legislativas de 2030 \u2013 disse Fux.<\/p>\n\n\n\n<p>O argumento da solicita\u00e7\u00e3o realizada ao STF \u00e9 que segundo o Censo de 2022 do IBGE, sete estados perderam popula\u00e7\u00e3o e, por isso, correm o risco de perder cadeiras na redistribui\u00e7\u00e3o.<\/p>\n\n\n\n<p>Para evitar que estados perdessem representantes, a C\u00e2mara e o Senado aprovaram um projeto que criava 18 novas cadeiras na C\u00e2mara dos Deputados, elevando o total de 513 para 531. As novas vagas seriam distribu\u00eddas entre nove estados, preservando a atual representa\u00e7\u00e3o de todos os entes federativos.<\/p>\n\n\n\n<p>No entanto, o governo Lula vetou a proposta, sob a justificativa de que ela geraria aumento de despesas p\u00fablicas. O veto foi uma derrota para o presidente da C\u00e2mara, Hugo Motta (Republicanos-PB), principal articulador do projeto.<\/p>\n\n\n\n<p>O ministro Fux, ao acolher o pedido de Alcolumbre, ressaltou o princ\u00edpio constitucional da anualidade eleitoral e suspendeu a decis\u00e3o anterior do STF que exigia a\u00e7\u00e3o imediata do Congresso. Ele determinou que a nova lei s\u00f3 poder\u00e1 valer a partir das elei\u00e7\u00f5es de 2030 e convocou uma sess\u00e3o virtual extraordin\u00e1ria do Plen\u00e1rio para confirmar a medida cautelar.<\/p>\n\n\n\n<p>*AE<\/p>\n","protected":false},"excerpt":{"rendered":"<p>O ministro&nbsp;Luiz Fux, do Supremo Tribunal Federal (STF), atendeu, nesta segunda-feira (29), ao pedido do presidente do Congresso e do Senado, Davi Alcolumbre (Uni\u00e3o Brasil-AP), e determinou que a distribui\u00e7\u00e3o de vagas na C\u00e2mara dos Deputados n\u00e3o seja alterada para as elei\u00e7\u00f5es de 2026. O pedido tinha sido feito ap\u00f3s o presidente Luiz In\u00e1cio Lula [&hellip;]<\/p>\n","protected":false},"author":2,"featured_media":22388,"comment_status":"open","ping_status":"open","sticky":false,"template":"","format":"standard","meta":[],"categories":[4],"tags":[13],"_links":{"self":[{"href":"https:\/\/dgospel.com.br\/portal\/index.php\/wp-json\/wp\/v2\/posts\/22386"}],"collection":[{"href":"https:\/\/dgospel.com.br\/portal\/index.php\/wp-json\/wp\/v2\/posts"}],"about":[{"href":"https:\/\/dgospel.com.br\/portal\/index.php\/wp-json\/wp\/v2\/types\/post"}],"author":[{"embeddable":true,"href":"https:\/\/dgospel.com.br\/portal\/index.php\/wp-json\/wp\/v2\/users\/2"}],"replies":[{"embeddable":true,"href":"https:\/\/dgospel.com.br\/portal\/index.php\/wp-json\/wp\/v2\/comments?post=22386"}],"version-history":[{"count":1,"href":"https:\/\/dgospel.com.br\/portal\/index.php\/wp-json\/wp\/v2\/posts\/22386\/revisions"}],"predecessor-version":[{"id":22389,"href":"https:\/\/dgospel.com.br\/portal\/index.php\/wp-json\/wp\/v2\/posts\/22386\/revisions\/22389"}],"wp:featuredmedia":[{"embeddable":true,"href":"https:\/\/dgospel.com.br\/portal\/index.php\/wp-json\/wp\/v2\/media\/22388"}],"wp:attachment":[{"href":"https:\/\/dgospel.com.br\/portal\/index.php\/wp-json\/wp\/v2\/media?parent=22386"}],"wp:term":[{"taxonomy":"category","embeddable":true,"href":"https:\/\/dgospel.com.br\/portal\/index.php\/wp-json\/wp\/v2\/categories?post=22386"},{"taxonomy":"post_tag","embeddable":true,"href":"https:\/\/dgospel.com.br\/portal\/index.php\/wp-json\/wp\/v2\/tags?post=22386"}],"curies":[{"name":"wp","href":"https:\/\/api.w.org\/{rel}","templated":true}]}}