{"id":22396,"date":"2025-09-30T09:39:10","date_gmt":"2025-09-30T12:39:10","guid":{"rendered":"https:\/\/dgospel.com.br\/portal\/?p=22396"},"modified":"2025-09-30T09:39:11","modified_gmt":"2025-09-30T12:39:11","slug":"casal-viaja-pelo-brasil-evangelizando-e-realizando-acao-social-em-kombi-adaptada","status":"publish","type":"post","link":"https:\/\/dgospel.com.br\/portal\/index.php\/2025\/09\/30\/casal-viaja-pelo-brasil-evangelizando-e-realizando-acao-social-em-kombi-adaptada\/","title":{"rendered":"Casal viaja pelo Brasil evangelizando e realizando a\u00e7\u00e3o social em kombi adaptada"},"content":{"rendered":"\n<p>H\u00e1 seis anos, Roberta e Eliel Marins percorrem o Brasil levando f\u00e9 e solidariedade por meio do Projeto Komb\u00edblia, que une tr\u00eas pilares: p\u00e3o, palavra e&nbsp;<strong><a href=\"https:\/\/guiame.com.br\/gospel\/missoes-acao-social\/homem-e-curado-apos-oracao-nas-ruas-e-se-impressiona-com-o-poder-de-deus-agora-acredito.html\">ora\u00e7\u00e3o<\/a><\/strong>.<\/p>\n\n\n\n<p>A bordo de uma Kombi adaptada, o casal compartilha&nbsp;<strong><a href=\"https:\/\/guiame.com.br\/gospel\/missoes-acao-social\/jovens-cristaos-evangelizam-no-vestibular-da-ufsc-seja-forte-e-corajoso.html\">mensagens de f\u00e9<\/a><\/strong>, realiza a\u00e7\u00f5es sociais em parceria com igrejas locais, e promove encontros comunit\u00e1rios em diversas cidades brasileiras.<\/p>\n\n\n\n<p>At\u00e9 agora, o Projeto Komb\u00edblia j\u00e1 percorreu 14 estados, incluindo Pernambuco, Bahia, Esp\u00edrito Santo e Paran\u00e1, e recentemente esteve na divisa entre Rio Grande do Norte e Cear\u00e1.<\/p>\n\n\n\n<p>Em entrevista ao&nbsp;<strong>Guiame<\/strong>, Roberta falou sobre a miss\u00e3o que realiza com seu marido e como o projeto tem se desenrolado desde o in\u00edcio.<\/p>\n\n\n\n<p>Ela contou que o Projeto Komb\u00edblia nasceu em 2019, quando Eliel, ap\u00f3s ficar vi\u00favo, decidiu viajar em busca de preencher o vazio pessoal que carregava.<\/p>\n\n\n\n<p>A ideia evoluiu e se transformou em um chamado maior: utilizar a Kombi como lar e est\u00fadio itinerante de evangeliza\u00e7\u00e3o, com distribui\u00e7\u00e3o de B\u00edblias, inclusive para crian\u00e7as.<\/p>\n\n\n\n<p>Pouco tempo depois, ele se casou com Roberta, que j\u00e1 compartilhava da mesma paix\u00e3o mission\u00e1ria. Desde ent\u00e3o, ambos seguem juntos nessa jornada, movidos pela f\u00e9 e pelo desejo de servir.<\/p>\n\n\n\n<p>Pais de quatro filhos adultos e casados \u2013 dois de Eliel e dois de Roberta \u2013 a miss\u00e3o do casal n\u00e3o sofreu nenhuma dificuldade familiar para ser implementada.<\/p>\n\n\n\n<p>Membros da Igreja Batista Nacional, em Novo Progresso, no Par\u00e1, eles sonham em alcan\u00e7ar novos destinos, mesmo com as dificuldades que encontram para manter o projeto, que \u00e9 sustentado basicamente por doa\u00e7\u00f5es espont\u00e2neas, j\u00e1 que o casal vive apenas da aposentadoria.<\/p>\n\n\n\n<p>\u201cQueremos ainda visitar cinco estados onde n\u00e3o estivemos: Rond\u00f4nia, Acre, Roraima, Amazonas e Amap\u00e1. Fora isso, seguimos sem planos fixos, apenas confiando que Deus nos guiar\u00e1.\u201d<\/p>\n\n\n\n<p><strong>Desafios e testemunhos<\/strong><\/p>\n\n\n\n<p>Segundo o casal, o maior desafio da miss\u00e3o \u00e9 manter os recursos necess\u00e1rios para continuar viajando. Al\u00e9m disso, os problemas mec\u00e2nicos da Kombi exigem constante aten\u00e7\u00e3o. Ainda assim, a receptividade das pessoas \u00e9 um combust\u00edvel que n\u00e3o deixa a miss\u00e3o parar.<\/p>\n\n\n\n<p>\u201cAs pessoas comuns sempre nos recebem muito bem. As igrejas, no in\u00edcio, se mostram receosas, mas acabam nos acolhendo. J\u00e1 nas redes sociais, infelizmente, sofremos ataques de incr\u00e9dulos\u201d, contou Roberta ao Guiame.<\/p>\n\n\n\n<p>Entre as in\u00fameras hist\u00f3rias vividas pelo caminho, uma delas marcou profundamente o casal. Em Santo Ant\u00f4nio da Platina (PR), ao pernoitar em um posto de combust\u00edveis, eles encontraram um jovem em situa\u00e7\u00e3o de vulnerabilidade.<\/p>\n\n\n\n<p>Inicialmente, pensaram se tratar de um dependente qu\u00edmico, mas logo perceberam sinais de esquizofrenia e forte perturba\u00e7\u00e3o emocional.<\/p>\n\n\n\n<p>\u201cDeus tocou no meu cora\u00e7\u00e3o que ali n\u00e3o se tratava disso [depend\u00eancia qu\u00edmica], abordamos ele e com muita dificuldade conseguimos perceber que se tratava de um jovem com s\u00e9rias perturba\u00e7\u00f5es, havia sinais de esquizofrenia e tamb\u00e9m alguma a\u00e7\u00e3o do inimigo\u201d.<\/p>\n\n\n\n<p>Ao conversar com ele, descobriram que havia sa\u00eddo de casa, em S\u00e3o Jos\u00e9 dos Pinhais, 400 km dali, e estava desaparecido havia tr\u00eas meses. Sua fam\u00edlia j\u00e1 o dava como morto.<\/p>\n\n\n\n<p>Por meio das redes sociais, Roberta e Eliel conseguiram localizar os pais do rapaz, que viajaram durante a madrugada para reencontr\u00e1-lo.<\/p>\n\n\n\n<p>\u201cGra\u00e7as a Deus localizamos os pais dele, que viajaram a noite e na manh\u00e3 seguinte o apanharam e o levaram de volta pra casa\u201d.<\/p>\n\n\n\n<p>Leonardo Peres de Ara\u00fajo escreveu um depoimento sobre o trabalho mission\u00e1rio que realizam junto ao rapaz:<\/p>\n\n\n\n<p>\u201cParab\u00e9ns a esse senhor! Ele passou pelo Posto Chapad\u00e3o, e salvou um menino que estava com esquizofrenia e j\u00e1 estava perdido de casa havia bastante tempo. Parece que o menino era de Curitiba. Esse anjo \ud83e\udd70 da Kombi B\u00edblia o levou de volta para casa. Que Jesus Cristo o ilumine sempre!\u201d<\/p>\n\n\n\n<p><strong>Evangelismo<\/strong><\/p>\n\n\n\n<p>Al\u00e9m da evangeliza\u00e7\u00e3o, o Projeto Komb\u00edblia busca apoiar comunidades locais em diferentes frentes.<\/p>\n\n\n\n<p>O casal se coloca \u00e0 disposi\u00e7\u00e3o das igrejas que encontram pelo caminho \u2014 independentemente da denomina\u00e7\u00e3o \u2014 e participa ativamente de a\u00e7\u00f5es sociais.<\/p>\n\n\n\n<p>\u201cN\u00e3o h\u00e1 um tipo espec\u00edfico de a\u00e7\u00e3o, estamos sempre nos colocando \u00e0 disposi\u00e7\u00e3o para qualquer situa\u00e7\u00e3o. Geralmente, ao chegar numa comunidade procuramos a igreja local \u2013 independentemente da placa \u2013 e nos colocamos \u00e0 disposi\u00e7\u00e3o para ajudar\u201d, diz Roberta.<\/p>\n\n\n\n<p>\u201cQuando vamos nos despedir \u00e9 at\u00e9 dif\u00edcil, pois ficam muito gratos e querem que fiquemos com eles.\u201d<\/p>\n\n\n\n<p><a href=\"https:\/\/www.instagram.com\/reel\/DMVqbAbMhtO\/?utm_source=ig_embed&amp;ig_rid=34470096-7ece-4444-9c10-03be862c6198\">https:\/\/www.instagram.com\/reel\/DMVqbAbMhtO\/?utm_source=ig_embed&amp;ig_rid=34470096-7ece-4444-9c10-03be862c6198<\/a><\/p>\n\n\n\n<p><\/p>\n\n\n\n<p><\/p>\n\n\n\n<p><\/p>\n\n\n\n<p><\/p>\n","protected":false},"excerpt":{"rendered":"<p>H\u00e1 seis anos, Roberta e Eliel Marins percorrem o Brasil levando f\u00e9 e solidariedade por meio do Projeto Komb\u00edblia, que une tr\u00eas pilares: p\u00e3o, palavra e&nbsp;ora\u00e7\u00e3o. A bordo de uma Kombi adaptada, o casal compartilha&nbsp;mensagens de f\u00e9, realiza a\u00e7\u00f5es sociais em parceria com igrejas locais, e promove encontros comunit\u00e1rios em diversas cidades brasileiras. At\u00e9 agora, [&hellip;]<\/p>\n","protected":false},"author":2,"featured_media":22397,"comment_status":"open","ping_status":"open","sticky":false,"template":"","format":"standard","meta":[],"categories":[12,5],"tags":[],"_links":{"self":[{"href":"https:\/\/dgospel.com.br\/portal\/index.php\/wp-json\/wp\/v2\/posts\/22396"}],"collection":[{"href":"https:\/\/dgospel.com.br\/portal\/index.php\/wp-json\/wp\/v2\/posts"}],"about":[{"href":"https:\/\/dgospel.com.br\/portal\/index.php\/wp-json\/wp\/v2\/types\/post"}],"author":[{"embeddable":true,"href":"https:\/\/dgospel.com.br\/portal\/index.php\/wp-json\/wp\/v2\/users\/2"}],"replies":[{"embeddable":true,"href":"https:\/\/dgospel.com.br\/portal\/index.php\/wp-json\/wp\/v2\/comments?post=22396"}],"version-history":[{"count":1,"href":"https:\/\/dgospel.com.br\/portal\/index.php\/wp-json\/wp\/v2\/posts\/22396\/revisions"}],"predecessor-version":[{"id":22398,"href":"https:\/\/dgospel.com.br\/portal\/index.php\/wp-json\/wp\/v2\/posts\/22396\/revisions\/22398"}],"wp:featuredmedia":[{"embeddable":true,"href":"https:\/\/dgospel.com.br\/portal\/index.php\/wp-json\/wp\/v2\/media\/22397"}],"wp:attachment":[{"href":"https:\/\/dgospel.com.br\/portal\/index.php\/wp-json\/wp\/v2\/media?parent=22396"}],"wp:term":[{"taxonomy":"category","embeddable":true,"href":"https:\/\/dgospel.com.br\/portal\/index.php\/wp-json\/wp\/v2\/categories?post=22396"},{"taxonomy":"post_tag","embeddable":true,"href":"https:\/\/dgospel.com.br\/portal\/index.php\/wp-json\/wp\/v2\/tags?post=22396"}],"curies":[{"name":"wp","href":"https:\/\/api.w.org\/{rel}","templated":true}]}}