{"id":22399,"date":"2025-09-30T09:41:03","date_gmt":"2025-09-30T12:41:03","guid":{"rendered":"https:\/\/dgospel.com.br\/portal\/?p=22399"},"modified":"2025-09-30T09:41:04","modified_gmt":"2025-09-30T12:41:04","slug":"pobreza-na-argentina-cai-para-o-menor-nivel-desde-2018","status":"publish","type":"post","link":"https:\/\/dgospel.com.br\/portal\/index.php\/2025\/09\/30\/pobreza-na-argentina-cai-para-o-menor-nivel-desde-2018\/","title":{"rendered":"Pobreza na Argentina cai para o menor n\u00edvel desde 2018"},"content":{"rendered":"\n<p>O \u00edndice de pobreza na popula\u00e7\u00e3o urbana da Argentina foi de 31,6% no primeiro semestre de 2025, o que representou uma queda de 6,5 pontos percentuais em rela\u00e7\u00e3o \u00e0 taxa registrada no segundo semestre de 2024, informou o Instituto Nacional de Estat\u00edstica e Censos (Indec) na \u00faltima quinta-feira (25).<\/p>\n\n\n\n<p>De acordo com um relat\u00f3rio do Indec, o \u00edndice de indig\u00eancia ficou em 6,9% no primeiro semestre deste ano, 1,3 ponto abaixo da taxa registrada no semestre anterior.<\/p>\n\n\n\n<p>A taxa de pobreza do primeiro semestre do ano \u00e9 a mais baixa desde o primeiro semestre de 2018.<\/p>\n\n\n\n<p>Na compara\u00e7\u00e3o anual, o \u00edndice de pobreza recuou 21,3 pontos percentuais no primeiro semestre, enquanto a taxa de indig\u00eancia caiu 11,2 pontos.<\/p>\n\n\n\n<p>A popula\u00e7\u00e3o mais afetada pela pobreza \u00e9 a de crian\u00e7as de at\u00e9 14 anos, grupo em que a taxa de pobreza \u00e9 de 45,4% e a taxa de indig\u00eancia, de 10%.<\/p>\n\n\n\n<p>A medi\u00e7\u00e3o leva em conta apenas o n\u00edvel de vida nos 31 centros urbanos mais populosos do pa\u00eds, o que abrange 29,9 milh\u00f5es de pessoas, de uma popula\u00e7\u00e3o total na Argentina de cerca de 47 milh\u00f5es de pessoas.<\/p>\n\n\n\n<p>No primeiro semestre de 2024, o \u00edndice de pobreza saltou para 52,9%, a taxa mais alta desde 2003.<\/p>\n\n\n\n<p>A queda na taxa oficial de pobreza durante o primeiro semestre deste ano est\u00e1 diretamente relacionada ao processo de desacelera\u00e7\u00e3o da infla\u00e7\u00e3o, que passou de 117,8% em dezembro de 2024 para 39,4% em junho de 2025.<\/p>\n\n\n\n<p>*EFE<\/p>\n","protected":false},"excerpt":{"rendered":"<p>O \u00edndice de pobreza na popula\u00e7\u00e3o urbana da Argentina foi de 31,6% no primeiro semestre de 2025, o que representou uma queda de 6,5 pontos percentuais em rela\u00e7\u00e3o \u00e0 taxa registrada no segundo semestre de 2024, informou o Instituto Nacional de Estat\u00edstica e Censos (Indec) na \u00faltima quinta-feira (25). De acordo com um relat\u00f3rio do [&hellip;]<\/p>\n","protected":false},"author":2,"featured_media":22400,"comment_status":"open","ping_status":"open","sticky":false,"template":"","format":"standard","meta":[],"categories":[16],"tags":[],"_links":{"self":[{"href":"https:\/\/dgospel.com.br\/portal\/index.php\/wp-json\/wp\/v2\/posts\/22399"}],"collection":[{"href":"https:\/\/dgospel.com.br\/portal\/index.php\/wp-json\/wp\/v2\/posts"}],"about":[{"href":"https:\/\/dgospel.com.br\/portal\/index.php\/wp-json\/wp\/v2\/types\/post"}],"author":[{"embeddable":true,"href":"https:\/\/dgospel.com.br\/portal\/index.php\/wp-json\/wp\/v2\/users\/2"}],"replies":[{"embeddable":true,"href":"https:\/\/dgospel.com.br\/portal\/index.php\/wp-json\/wp\/v2\/comments?post=22399"}],"version-history":[{"count":1,"href":"https:\/\/dgospel.com.br\/portal\/index.php\/wp-json\/wp\/v2\/posts\/22399\/revisions"}],"predecessor-version":[{"id":22401,"href":"https:\/\/dgospel.com.br\/portal\/index.php\/wp-json\/wp\/v2\/posts\/22399\/revisions\/22401"}],"wp:featuredmedia":[{"embeddable":true,"href":"https:\/\/dgospel.com.br\/portal\/index.php\/wp-json\/wp\/v2\/media\/22400"}],"wp:attachment":[{"href":"https:\/\/dgospel.com.br\/portal\/index.php\/wp-json\/wp\/v2\/media?parent=22399"}],"wp:term":[{"taxonomy":"category","embeddable":true,"href":"https:\/\/dgospel.com.br\/portal\/index.php\/wp-json\/wp\/v2\/categories?post=22399"},{"taxonomy":"post_tag","embeddable":true,"href":"https:\/\/dgospel.com.br\/portal\/index.php\/wp-json\/wp\/v2\/tags?post=22399"}],"curies":[{"name":"wp","href":"https:\/\/api.w.org\/{rel}","templated":true}]}}