{"id":22402,"date":"2025-10-02T15:19:58","date_gmt":"2025-10-02T18:19:58","guid":{"rendered":"https:\/\/dgospel.com.br\/portal\/?p=22402"},"modified":"2025-10-02T15:19:59","modified_gmt":"2025-10-02T18:19:59","slug":"leo-barbosa-propoe-lei-que-garante-direitos-a-criancas-com-deficiencia-no-ambiente-escolar","status":"publish","type":"post","link":"https:\/\/dgospel.com.br\/portal\/index.php\/2025\/10\/02\/leo-barbosa-propoe-lei-que-garante-direitos-a-criancas-com-deficiencia-no-ambiente-escolar\/","title":{"rendered":"L\u00e9o Barbosa prop\u00f5e lei que garante direitos a crian\u00e7as com defici\u00eancia no ambiente escolar"},"content":{"rendered":"\n<p>O deputado estadual L\u00e9o Barbosa apresentou, nesta ter\u00e7a-feira, 30, um Projeto de Lei que institui garantias \u00e0s crian\u00e7as com defici\u00eancia e\/ou transtornos do neurodesenvolvimento no ambiente escolar. A proposta busca promover a inclus\u00e3o e assegurar condi\u00e7\u00f5es adequadas de conviv\u00eancia e aprendizado para os alunos da rede p\u00fablica e privada.<\/p>\n\n\n\n<p>Segundo o texto da mat\u00e9ria, o projeto prev\u00ea que os estudantes com restri\u00e7\u00f5es ou seletividade alimentar, devidamente comprovadas por laudo m\u00e9dico, ter\u00e3o o direito de levar seu pr\u00f3prio alimento para consumo nas escolas. Al\u00e9m disso, a proposta permite que alunos com sensibilidade nos p\u00e9s possam permanecer descal\u00e7os ou apenas de meias durante o per\u00edodo escolar, respeitando suas especificidades sensoriais.<\/p>\n\n\n\n<p>Outro destaque do projeto \u00e9 a obrigatoriedade de adequa\u00e7\u00e3o dos sinais sonoros e musicais das escolas, substituindo-os por alternativas em volume e dura\u00e7\u00e3o apropriados, a fim de evitar inc\u00f4modos sensoriais ou crises de p\u00e2nico em alunos com sensibilidade auditiva. Para o parlamentar, s\u00e3o medidas simples, mas que t\u00eam grande impacto na qualidade de vida escolar dessas crian\u00e7as.<\/p>\n\n\n\n<p>Na justificativa, L\u00e9o Barbosa ressalta que a iniciativa est\u00e1 em conson\u00e2ncia com a Constitui\u00e7\u00e3o Federal, o Estatuto da Pessoa com Defici\u00eancia e a Lei de Diretrizes e Bases da Educa\u00e7\u00e3o Nacional. \u201cNosso objetivo \u00e9 eliminar barreiras cotidianas que afetam o aprendizado e a socializa\u00e7\u00e3o de crian\u00e7as com defici\u00eancia, garantindo dignidade, inclus\u00e3o e igualdade de condi\u00e7\u00f5es\u201d, afirmou.<\/p>\n","protected":false},"excerpt":{"rendered":"<p>O deputado estadual L\u00e9o Barbosa apresentou, nesta ter\u00e7a-feira, 30, um Projeto de Lei que institui garantias \u00e0s crian\u00e7as com defici\u00eancia e\/ou transtornos do neurodesenvolvimento no ambiente escolar. A proposta busca promover a inclus\u00e3o e assegurar condi\u00e7\u00f5es adequadas de conviv\u00eancia e aprendizado para os alunos da rede p\u00fablica e privada. Segundo o texto da mat\u00e9ria, o [&hellip;]<\/p>\n","protected":false},"author":2,"featured_media":22403,"comment_status":"open","ping_status":"open","sticky":false,"template":"","format":"standard","meta":[],"categories":[8],"tags":[],"_links":{"self":[{"href":"https:\/\/dgospel.com.br\/portal\/index.php\/wp-json\/wp\/v2\/posts\/22402"}],"collection":[{"href":"https:\/\/dgospel.com.br\/portal\/index.php\/wp-json\/wp\/v2\/posts"}],"about":[{"href":"https:\/\/dgospel.com.br\/portal\/index.php\/wp-json\/wp\/v2\/types\/post"}],"author":[{"embeddable":true,"href":"https:\/\/dgospel.com.br\/portal\/index.php\/wp-json\/wp\/v2\/users\/2"}],"replies":[{"embeddable":true,"href":"https:\/\/dgospel.com.br\/portal\/index.php\/wp-json\/wp\/v2\/comments?post=22402"}],"version-history":[{"count":1,"href":"https:\/\/dgospel.com.br\/portal\/index.php\/wp-json\/wp\/v2\/posts\/22402\/revisions"}],"predecessor-version":[{"id":22404,"href":"https:\/\/dgospel.com.br\/portal\/index.php\/wp-json\/wp\/v2\/posts\/22402\/revisions\/22404"}],"wp:featuredmedia":[{"embeddable":true,"href":"https:\/\/dgospel.com.br\/portal\/index.php\/wp-json\/wp\/v2\/media\/22403"}],"wp:attachment":[{"href":"https:\/\/dgospel.com.br\/portal\/index.php\/wp-json\/wp\/v2\/media?parent=22402"}],"wp:term":[{"taxonomy":"category","embeddable":true,"href":"https:\/\/dgospel.com.br\/portal\/index.php\/wp-json\/wp\/v2\/categories?post=22402"},{"taxonomy":"post_tag","embeddable":true,"href":"https:\/\/dgospel.com.br\/portal\/index.php\/wp-json\/wp\/v2\/tags?post=22402"}],"curies":[{"name":"wp","href":"https:\/\/api.w.org\/{rel}","templated":true}]}}