{"id":2241,"date":"2019-01-07T17:39:14","date_gmt":"2019-01-07T19:39:14","guid":{"rendered":"http:\/\/dgospel.com.br\/portal\/?p=2241"},"modified":"2019-01-07T17:39:14","modified_gmt":"2019-01-07T19:39:14","slug":"biblia-fica-intacta-apos-caminhao-ser-incendiado-em-fortaleza","status":"publish","type":"post","link":"https:\/\/dgospel.com.br\/portal\/index.php\/2019\/01\/07\/biblia-fica-intacta-apos-caminhao-ser-incendiado-em-fortaleza\/","title":{"rendered":"B\u00edblia fica intacta ap\u00f3s caminh\u00e3o ser incendiado em Fortaleza"},"content":{"rendered":"<p>Em meio a onda de ataques criminosos no Cear\u00e1, uma B\u00edblia ficou intacta dentro de um caminh\u00e3o da Enel que foi incendiado na \u00faltima sexta-feira (4), na Via Expressa, em Fortaleza.<\/p>\n<p>O caminh\u00e3o da companhia de energia el\u00e9trica foi abordado por bandidos e incendiado, de acordo com as testemunhas. Depois que as chamas foram contidas pelo Corpo de Bombeiros, os funcion\u00e1rios da empresa voltaram ao caminh\u00e3o para salvar algum objeto.<\/p>\n<p>\u201cUm deles deixou a carteira, com R$ 300, que foi totalmente destru\u00edda, junto aos pertences. A \u00fanica coisa que ficou intacta foi a B\u00edblia de um dos funcion\u00e1rios. Todo mundo ficou surpreso\u201d, disse Dorian Gir\u00e3o, rep\u00f3rter cinematogr\u00e1fico da TV Jangadeiro, afiliada ao SBT.<\/p>\n<p>O Cear\u00e1 vive o 6\u00ba dia seguido de uma onda de viol\u00eancia que foi iniciada na \u00faltima quarta-feira (2). Em todo o estado, ocorreram 125 a\u00e7\u00f5es criminosas nos \u00faltimos seis dias, nas quais \u00f4nibus, caminh\u00f5es, estabelecimentos p\u00fablicos e comerciais foram alvos dos bandidos.<\/p>\n<p>A sequ\u00eancia de a\u00e7\u00f5es ocorreu ap\u00f3s as declara\u00e7\u00f5es do novo secret\u00e1rio da Administra\u00e7\u00e3o Penitenci\u00e1ria, Lu\u00eds Mauro Albuquerque, que afirmou n\u00e3o reconhecer as fac\u00e7\u00f5es criminosas. Durante a posse na \u00faltima ter\u00e7a-feira (1\u00ba), ele destacou que os pres\u00eddios cearenses n\u00e3o ser\u00e3o mais divididos por fac\u00e7\u00f5es e prometeu fiscalizar com mais rigor a entrada de celulares.<\/p>\n<p>&nbsp;<\/p>\n<p><strong>Fonte: Guiame\/ Com informa\u00e7\u00f5es da Tribuna do Cear\u00e1\u00a0<\/strong><\/p>\n","protected":false},"excerpt":{"rendered":"<p>Em meio a onda de ataques criminosos no Cear\u00e1, uma B\u00edblia ficou intacta dentro de um caminh\u00e3o da Enel que foi incendiado na \u00faltima sexta-feira (4), na Via Expressa, em Fortaleza. O caminh\u00e3o da companhia de energia el\u00e9trica foi abordado por bandidos e incendiado, de acordo com as testemunhas. Depois que as chamas foram contidas [&hellip;]<\/p>\n","protected":false},"author":2,"featured_media":2242,"comment_status":"open","ping_status":"open","sticky":false,"template":"","format":"standard","meta":[],"categories":[2,6],"tags":[],"_links":{"self":[{"href":"https:\/\/dgospel.com.br\/portal\/index.php\/wp-json\/wp\/v2\/posts\/2241"}],"collection":[{"href":"https:\/\/dgospel.com.br\/portal\/index.php\/wp-json\/wp\/v2\/posts"}],"about":[{"href":"https:\/\/dgospel.com.br\/portal\/index.php\/wp-json\/wp\/v2\/types\/post"}],"author":[{"embeddable":true,"href":"https:\/\/dgospel.com.br\/portal\/index.php\/wp-json\/wp\/v2\/users\/2"}],"replies":[{"embeddable":true,"href":"https:\/\/dgospel.com.br\/portal\/index.php\/wp-json\/wp\/v2\/comments?post=2241"}],"version-history":[{"count":1,"href":"https:\/\/dgospel.com.br\/portal\/index.php\/wp-json\/wp\/v2\/posts\/2241\/revisions"}],"predecessor-version":[{"id":2243,"href":"https:\/\/dgospel.com.br\/portal\/index.php\/wp-json\/wp\/v2\/posts\/2241\/revisions\/2243"}],"wp:featuredmedia":[{"embeddable":true,"href":"https:\/\/dgospel.com.br\/portal\/index.php\/wp-json\/wp\/v2\/media\/2242"}],"wp:attachment":[{"href":"https:\/\/dgospel.com.br\/portal\/index.php\/wp-json\/wp\/v2\/media?parent=2241"}],"wp:term":[{"taxonomy":"category","embeddable":true,"href":"https:\/\/dgospel.com.br\/portal\/index.php\/wp-json\/wp\/v2\/categories?post=2241"},{"taxonomy":"post_tag","embeddable":true,"href":"https:\/\/dgospel.com.br\/portal\/index.php\/wp-json\/wp\/v2\/tags?post=2241"}],"curies":[{"name":"wp","href":"https:\/\/api.w.org\/{rel}","templated":true}]}}