{"id":22411,"date":"2025-10-07T08:28:22","date_gmt":"2025-10-07T11:28:22","guid":{"rendered":"https:\/\/dgospel.com.br\/portal\/?p=22411"},"modified":"2025-10-07T08:28:23","modified_gmt":"2025-10-07T11:28:23","slug":"tocantins-inaugura-primeiro-centro-especializado-em-autismo-do-estado-idealizado-por-wanderlei-e-leo-barbosa","status":"publish","type":"post","link":"https:\/\/dgospel.com.br\/portal\/index.php\/2025\/10\/07\/tocantins-inaugura-primeiro-centro-especializado-em-autismo-do-estado-idealizado-por-wanderlei-e-leo-barbosa\/","title":{"rendered":"Tocantins inaugura primeiro Centro Especializado em Autismo do Estado, idealizado por Wanderlei e L\u00e9o Barbosa"},"content":{"rendered":"\n<p>O Tocantins d\u00e1 um passo hist\u00f3rico nesta ter\u00e7a-feira, 07, com a inaugura\u00e7\u00e3o do Centro Especializado em Transtorno do Espectro Autista (CETEA) \u2014 o primeiro do Estado voltado exclusivamente ao atendimento de pessoas com autismo. A iniciativa, idealizada pelo deputado estadual L\u00e9o Barbosa e concretizada pelo governador Wanderlei Barbosa, foi inspirada em centros de atendimentos de refer\u00eancia nacional e internacional e recebeu investimento inicial de R$ 13 milh\u00f5es.<\/p>\n\n\n\n<p>Criado para oferecer diagn\u00f3stico precoce, tratamento cont\u00ednuo e acompanhamento multidisciplinar \u00e0s pessoas com Transtorno do Espectro Autista (TEA), al\u00e9m de promover forma\u00e7\u00e3o continuada para profissionais das \u00e1reas da sa\u00fade e educa\u00e7\u00e3o, o novo centro conta com salas amplas e climatizadas, jardim sensorial, \u00e1reas de conviv\u00eancia, espa\u00e7os para atividades esportivas, terapias e est\u00edmulos sensoriais. Na fase inicial, o CETEA atender\u00e1 250 crian\u00e7as, com estrutura preparada para expandir o atendimento a at\u00e9 500 pessoas, oferecendo suporte completo \u00e0s fam\u00edlias.<\/p>\n\n\n\n<p>Desde 2022, o deputado L\u00e9o Barbosa vinha trabalhando na articula\u00e7\u00e3o do projeto, realizando visitas t\u00e9cnicas a unidades no Par\u00e1, institui\u00e7\u00e3o reconhecida pela excel\u00eancia no atendimento a pessoas com autismo.<\/p>\n\n\n\n<p>A autoriza\u00e7\u00e3o para implanta\u00e7\u00e3o foi dada por Wanderlei Barbosa em 12 de dezembro de 2024, em reuni\u00e3o no Pal\u00e1cio Araguaia, que contou com a presen\u00e7a de t\u00e9cnicos do Centro Integrado de Inclus\u00e3o e Reabilita\u00e7\u00e3o (CIIR), do Par\u00e1, e do Instituto Nacional de Desenvolvimento Social e Humano (INDSH), respons\u00e1vel por gerir tanto o CIIR paraense, quanto o CETEA no Tocantins.<\/p>\n\n\n\n<p>Para L\u00e9o Barbosa, o projeto simboliza a realiza\u00e7\u00e3o de um sonho coletivo. \u201cO CETEA nasce de um prop\u00f3sito: oferecer acolhimento, dignidade e oportunidades reais de desenvolvimento. \u00c9 uma conquista constru\u00edda com o apoio e a sensibilidade do governador Wanderlei Barbosa e de tantas pessoas comprometidas com a inclus\u00e3o\u201d, afirmou.<\/p>\n\n\n\n<p>Ele tamb\u00e9m destacou a contribui\u00e7\u00e3o de Rosa Helena Ambr\u00f3sio, a Rosa da Anjo Azul, e da equipe da Superintend\u00eancia da Rede de Cuidados \u00e0 Pessoa com Defici\u00eancia, parceira fundamental na iniciativa. \u201cA Rosa e toda equipe da superintend\u00eancia sempre acreditou nesse projeto e trabalhou com amor para torn\u00e1-lo realidade. Essa dedica\u00e7\u00e3o foi essencial para chegarmos at\u00e9 aqui\u201d, completou.<\/p>\n","protected":false},"excerpt":{"rendered":"<p>O Tocantins d\u00e1 um passo hist\u00f3rico nesta ter\u00e7a-feira, 07, com a inaugura\u00e7\u00e3o do Centro Especializado em Transtorno do Espectro Autista (CETEA) \u2014 o primeiro do Estado voltado exclusivamente ao atendimento de pessoas com autismo. A iniciativa, idealizada pelo deputado estadual L\u00e9o Barbosa e concretizada pelo governador Wanderlei Barbosa, foi inspirada em centros de atendimentos de [&hellip;]<\/p>\n","protected":false},"author":2,"featured_media":22412,"comment_status":"open","ping_status":"open","sticky":false,"template":"","format":"standard","meta":[],"categories":[3],"tags":[13],"_links":{"self":[{"href":"https:\/\/dgospel.com.br\/portal\/index.php\/wp-json\/wp\/v2\/posts\/22411"}],"collection":[{"href":"https:\/\/dgospel.com.br\/portal\/index.php\/wp-json\/wp\/v2\/posts"}],"about":[{"href":"https:\/\/dgospel.com.br\/portal\/index.php\/wp-json\/wp\/v2\/types\/post"}],"author":[{"embeddable":true,"href":"https:\/\/dgospel.com.br\/portal\/index.php\/wp-json\/wp\/v2\/users\/2"}],"replies":[{"embeddable":true,"href":"https:\/\/dgospel.com.br\/portal\/index.php\/wp-json\/wp\/v2\/comments?post=22411"}],"version-history":[{"count":1,"href":"https:\/\/dgospel.com.br\/portal\/index.php\/wp-json\/wp\/v2\/posts\/22411\/revisions"}],"predecessor-version":[{"id":22413,"href":"https:\/\/dgospel.com.br\/portal\/index.php\/wp-json\/wp\/v2\/posts\/22411\/revisions\/22413"}],"wp:featuredmedia":[{"embeddable":true,"href":"https:\/\/dgospel.com.br\/portal\/index.php\/wp-json\/wp\/v2\/media\/22412"}],"wp:attachment":[{"href":"https:\/\/dgospel.com.br\/portal\/index.php\/wp-json\/wp\/v2\/media?parent=22411"}],"wp:term":[{"taxonomy":"category","embeddable":true,"href":"https:\/\/dgospel.com.br\/portal\/index.php\/wp-json\/wp\/v2\/categories?post=22411"},{"taxonomy":"post_tag","embeddable":true,"href":"https:\/\/dgospel.com.br\/portal\/index.php\/wp-json\/wp\/v2\/tags?post=22411"}],"curies":[{"name":"wp","href":"https:\/\/api.w.org\/{rel}","templated":true}]}}