{"id":22417,"date":"2025-10-08T19:05:01","date_gmt":"2025-10-08T22:05:01","guid":{"rendered":"https:\/\/dgospel.com.br\/portal\/?p=22417"},"modified":"2025-10-08T19:05:02","modified_gmt":"2025-10-08T22:05:02","slug":"deputado-gipao-lamenta-falecimento-de-anna-clara-soares-filha-do-prefeito-de-goiatins","status":"publish","type":"post","link":"https:\/\/dgospel.com.br\/portal\/index.php\/2025\/10\/08\/deputado-gipao-lamenta-falecimento-de-anna-clara-soares-filha-do-prefeito-de-goiatins\/","title":{"rendered":"Deputado Gip\u00e3o lamenta falecimento de Anna Clara Soares, filha do prefeito de Goiatins"},"content":{"rendered":"\n<p>O deputado estadual Gip\u00e3o (PL) manifestou profundo pesar pelo falecimento da jovem Anna Clara Soares, filha do prefeito de Goiatins, Manoel Natalino, e da primeira-dama Ana Reis, ocorrido nesta quarta-feira (8), em um tr\u00e1gico acidente.<\/p>\n\n\n\n<blockquote class=\"wp-block-quote\"><p>\u201cRecebi com muita tristeza a not\u00edcia da partida prematura da jovem Anna Clara. Neste momento de dor, me uno em ora\u00e7\u00e3o \u00e0 fam\u00edlia, aos amigos e a toda comunidade goiatinense, pedindo que Deus traga consolo e for\u00e7a aos cora\u00e7\u00f5es enlutados\u201d, declarou o parlamentar.<\/p><\/blockquote>\n\n\n\n<p>O prefeito Manoel Natalino \u00e9 presb\u00edtero da Ciadseta-TO, mesma conven\u00e7\u00e3o da qual Gip\u00e3o faz parte, o que torna a perda ainda mais sentida no meio crist\u00e3o e entre os que compartilham la\u00e7os de f\u00e9 e amizade.<\/p>\n\n\n\n<blockquote class=\"wp-block-quote\"><p>\u201cQue o Esp\u00edrito Santo conforte toda a fam\u00edlia e que a mem\u00f3ria de Anna Clara permane\u00e7a viva no cora\u00e7\u00e3o de todos que a amavam\u201d, finalizou Gip\u00e3o.<\/p><\/blockquote>\n","protected":false},"excerpt":{"rendered":"<p>O deputado estadual Gip\u00e3o (PL) manifestou profundo pesar pelo falecimento da jovem Anna Clara Soares, filha do prefeito de Goiatins, Manoel Natalino, e da primeira-dama Ana Reis, ocorrido nesta quarta-feira (8), em um tr\u00e1gico acidente. \u201cRecebi com muita tristeza a not\u00edcia da partida prematura da jovem Anna Clara. Neste momento de dor, me uno em [&hellip;]<\/p>\n","protected":false},"author":2,"featured_media":22418,"comment_status":"open","ping_status":"open","sticky":false,"template":"","format":"standard","meta":[],"categories":[8],"tags":[],"_links":{"self":[{"href":"https:\/\/dgospel.com.br\/portal\/index.php\/wp-json\/wp\/v2\/posts\/22417"}],"collection":[{"href":"https:\/\/dgospel.com.br\/portal\/index.php\/wp-json\/wp\/v2\/posts"}],"about":[{"href":"https:\/\/dgospel.com.br\/portal\/index.php\/wp-json\/wp\/v2\/types\/post"}],"author":[{"embeddable":true,"href":"https:\/\/dgospel.com.br\/portal\/index.php\/wp-json\/wp\/v2\/users\/2"}],"replies":[{"embeddable":true,"href":"https:\/\/dgospel.com.br\/portal\/index.php\/wp-json\/wp\/v2\/comments?post=22417"}],"version-history":[{"count":1,"href":"https:\/\/dgospel.com.br\/portal\/index.php\/wp-json\/wp\/v2\/posts\/22417\/revisions"}],"predecessor-version":[{"id":22419,"href":"https:\/\/dgospel.com.br\/portal\/index.php\/wp-json\/wp\/v2\/posts\/22417\/revisions\/22419"}],"wp:featuredmedia":[{"embeddable":true,"href":"https:\/\/dgospel.com.br\/portal\/index.php\/wp-json\/wp\/v2\/media\/22418"}],"wp:attachment":[{"href":"https:\/\/dgospel.com.br\/portal\/index.php\/wp-json\/wp\/v2\/media?parent=22417"}],"wp:term":[{"taxonomy":"category","embeddable":true,"href":"https:\/\/dgospel.com.br\/portal\/index.php\/wp-json\/wp\/v2\/categories?post=22417"},{"taxonomy":"post_tag","embeddable":true,"href":"https:\/\/dgospel.com.br\/portal\/index.php\/wp-json\/wp\/v2\/tags?post=22417"}],"curies":[{"name":"wp","href":"https:\/\/api.w.org\/{rel}","templated":true}]}}