{"id":22423,"date":"2025-10-09T10:47:27","date_gmt":"2025-10-09T13:47:27","guid":{"rendered":"https:\/\/dgospel.com.br\/portal\/?p=22423"},"modified":"2025-10-09T10:47:29","modified_gmt":"2025-10-09T13:47:29","slug":"trump-diz-que-acordo-entre-israel-e-hamas-levara-paz-ao-oriente","status":"publish","type":"post","link":"https:\/\/dgospel.com.br\/portal\/index.php\/2025\/10\/09\/trump-diz-que-acordo-entre-israel-e-hamas-levara-paz-ao-oriente\/","title":{"rendered":"Trump diz que acordo entre Israel e Hamas levar\u00e1 paz ao Oriente"},"content":{"rendered":"\n<p>O presidente dos Estados Unidos,&nbsp;<a href=\"http:\/\/pleno.news\/tag\/donald-trump\" target=\"_blank\" rel=\"noreferrer noopener\">Donald Trump<\/a>, afirmou que o acordo entre&nbsp;<a href=\"http:\/\/pleno.news\/tag\/israel\" target=\"_blank\" rel=\"noreferrer noopener\">Israel<\/a>&nbsp;e o Hamas vai al\u00e9m da Faixa de Gaza e representa um passo em dire\u00e7\u00e3o \u00e0 \u201cpaz no Oriente M\u00e9dio\u201d. Anunciado nesta quarta-feira (8), o pacto prev\u00ea um cessar-fogo no territ\u00f3rio e a troca de ref\u00e9ns israelenses por prisioneiros palestinos.<\/p>\n\n\n\n<p>Em entrevista \u00e0 Fox News, Trump disse que os ref\u00e9ns em poder do Hamas ser\u00e3o libertados a partir da pr\u00f3xima segunda (13). O presidente americano afirmou ainda que Gaza ser\u00e1 \u201cum lugar pac\u00edfico e muito mais seguro\u201d e que os Estados Unidos garantir\u00e3o a seguran\u00e7a e a prosperidade do territ\u00f3rio.<\/p>\n\n\n\n<p>\u2013 Outros pa\u00edses da \u00e1rea ajudar\u00e3o na reconstru\u00e7\u00e3o porque t\u00eam uma riqueza tremenda \u2013 disse.<\/p>\n\n\n\n<p>Trump relatou ainda ter conversado na noite de quarta com o primeiro-ministro israelense, Benjamin Netanyahu.<\/p>\n\n\n\n<p>\u2013 Eu disse: \u201cIsrael n\u00e3o pode lutar contra o mundo, Bibi \u2013 eles n\u00e3o podem lutar contra o mundo\u201d. E ele entende isso muito bem \u2013 completou.<\/p>\n\n\n\n<p>*AE<\/p>\n","protected":false},"excerpt":{"rendered":"<p>O presidente dos Estados Unidos,&nbsp;Donald Trump, afirmou que o acordo entre&nbsp;Israel&nbsp;e o Hamas vai al\u00e9m da Faixa de Gaza e representa um passo em dire\u00e7\u00e3o \u00e0 \u201cpaz no Oriente M\u00e9dio\u201d. Anunciado nesta quarta-feira (8), o pacto prev\u00ea um cessar-fogo no territ\u00f3rio e a troca de ref\u00e9ns israelenses por prisioneiros palestinos. Em entrevista \u00e0 Fox News, [&hellip;]<\/p>\n","protected":false},"author":2,"featured_media":22424,"comment_status":"open","ping_status":"open","sticky":false,"template":"","format":"standard","meta":[],"categories":[16],"tags":[13],"_links":{"self":[{"href":"https:\/\/dgospel.com.br\/portal\/index.php\/wp-json\/wp\/v2\/posts\/22423"}],"collection":[{"href":"https:\/\/dgospel.com.br\/portal\/index.php\/wp-json\/wp\/v2\/posts"}],"about":[{"href":"https:\/\/dgospel.com.br\/portal\/index.php\/wp-json\/wp\/v2\/types\/post"}],"author":[{"embeddable":true,"href":"https:\/\/dgospel.com.br\/portal\/index.php\/wp-json\/wp\/v2\/users\/2"}],"replies":[{"embeddable":true,"href":"https:\/\/dgospel.com.br\/portal\/index.php\/wp-json\/wp\/v2\/comments?post=22423"}],"version-history":[{"count":1,"href":"https:\/\/dgospel.com.br\/portal\/index.php\/wp-json\/wp\/v2\/posts\/22423\/revisions"}],"predecessor-version":[{"id":22425,"href":"https:\/\/dgospel.com.br\/portal\/index.php\/wp-json\/wp\/v2\/posts\/22423\/revisions\/22425"}],"wp:featuredmedia":[{"embeddable":true,"href":"https:\/\/dgospel.com.br\/portal\/index.php\/wp-json\/wp\/v2\/media\/22424"}],"wp:attachment":[{"href":"https:\/\/dgospel.com.br\/portal\/index.php\/wp-json\/wp\/v2\/media?parent=22423"}],"wp:term":[{"taxonomy":"category","embeddable":true,"href":"https:\/\/dgospel.com.br\/portal\/index.php\/wp-json\/wp\/v2\/categories?post=22423"},{"taxonomy":"post_tag","embeddable":true,"href":"https:\/\/dgospel.com.br\/portal\/index.php\/wp-json\/wp\/v2\/tags?post=22423"}],"curies":[{"name":"wp","href":"https:\/\/api.w.org\/{rel}","templated":true}]}}