{"id":22426,"date":"2025-10-09T16:13:30","date_gmt":"2025-10-09T19:13:30","guid":{"rendered":"https:\/\/dgospel.com.br\/portal\/?p=22426"},"modified":"2025-10-09T16:13:31","modified_gmt":"2025-10-09T19:13:31","slug":"vereador-do-pl-e-denunciado-ao-mp-por-oracao-em-escola","status":"publish","type":"post","link":"https:\/\/dgospel.com.br\/portal\/index.php\/2025\/10\/09\/vereador-do-pl-e-denunciado-ao-mp-por-oracao-em-escola\/","title":{"rendered":"Vereador do PL \u00e9 denunciado ao MP por ora\u00e7\u00e3o em escola"},"content":{"rendered":"\n<p>O vereador de Ara\u00e7atuba (SP) Jo\u00e3o Pedro Pugina (PL) est\u00e1 sofrendo uma den\u00fancia por parte do 2\u00ba Conselho Tutelar da cidade em raz\u00e3o de um evento com a tem\u00e1tica Setembro Amarelo, na Escola Estadual Maria do Carmo L\u00e9lis. Ele \u00e9 acusado de pr\u00e1tica religiosa durante atividade de preven\u00e7\u00e3o ao suic\u00eddio e amparo emocional de jovens.<\/p>\n\n\n\n<p>A den\u00fancia enviada ao promotor de Justi\u00e7a Joel Furlan relata que o vereador esteve na escola no dia 24 de agosto, na companhia de duas pastoras e de um cantor gospel. Nas redes sociais, v\u00eddeos do evento mostram momentos de ora\u00e7\u00f5es, louvores e m\u00e3os impostas sobre os alunos e funcion\u00e1rios. \u00c9 poss\u00edvel perceber alunos visivelmente emocionados durante o ato.<\/p>\n\n\n\n<p>De acordo com o Conselho Tutelar, a exposi\u00e7\u00e3o de menores em ambiente p\u00fablico e digital \u201cpode atentar contra o melhor interesse deles\u201d, uma vez que artigos do Estatuto da Crian\u00e7a e do Adolescente (ECA) estabelecem o direito \u00e0 preserva\u00e7\u00e3o da imagem, da honra e da integridade f\u00edsica e emocional.<\/p>\n\n\n\n<p>No entendimento do \u00f3rg\u00e3o, a divulga\u00e7\u00e3o de v\u00eddeos em redes sociais viola o car\u00e1ter pedag\u00f3gico, ferindo o princ\u00edpio da laicidade do Estado e a privacidade dos alunos.<\/p>\n\n\n\n<p>O Minist\u00e9rio P\u00fablico abriu procedimento para analisar se houve, de fato, viola\u00e7\u00e3o de direitos e uso pol\u00edtico ou religioso da seara escolar.<\/p>\n\n\n\n<blockquote class=\"wp-block-quote\"><p>&nbsp;Ver essa foto no Instagram<\/p><p>&nbsp;<\/p><p><a href=\"https:\/\/www.instagram.com\/reel\/DPhYGJhEWM4\/?utm_source=ig_embed&amp;utm_campaign=loading\" target=\"_blank\" rel=\"noreferrer noopener\">Uma publica\u00e7\u00e3o compartilhada por Jo\u00e3o Pedro Pugina (@eupugina)<\/a><\/p><\/blockquote>\n\n\n\n<p><strong>VEREADOR FALA EM DEN\u00daNCIA POR MOTIVA\u00c7\u00c3O POL\u00cdTICA<\/strong><br>O parlamentar negou ao Minist\u00e9rio P\u00fablico qualquer ilicitude e observou que se trata de um evento com finalidade educativa, onde a participa\u00e7\u00e3o dos alunos \u00e9 volunt\u00e1ria. Pugina destacou que o programa denominado \u201cProjeto de Vida\u201d, trata de quest\u00f5es como bullying, sa\u00fade emocional e conviv\u00eancia comunit\u00e1ria.<\/p>\n\n\n\n<p>Ele relatou que chegou ao local com as palestras j\u00e1 em curso e que sua intera\u00e7\u00e3o foi apenas no acompanhamento da comitiva do Coordenador Estadual da Juventude. Ele nega a realiza\u00e7\u00e3o de discursos ou at\u00e9 mesmo de conduzir as atividades, e afirma que as imagens nas redes sociais s\u00e3o \u201cinterpreta\u00e7\u00f5es parciais e descontextualizadas\u201d, onde o choro dos alunos manifestam \u201cemo\u00e7\u00f5es espont\u00e2neas diante de relatos de supera\u00e7\u00e3o\u201d, sem que haja qualquer imposi\u00e7\u00e3o de ordem religiosa.<\/p>\n\n\n\n<p>A defesa do vereador tamb\u00e9m advertiu para a nulidade do procedimento adotado pelo Conselho Tutelar, j\u00e1 que a condu\u00e7\u00e3o do caso se deu por uma unidade que n\u00e3o goza de compet\u00eancia territorial para averiguar os fatos, j\u00e1 que a escola se encontra sob a compet\u00eancia de outro conselho.<\/p>\n\n\n\n<p>Pugina contesta a den\u00fancia feita por um ativista filiado ao Partido Socialismo e Liberdade (PSOL) e afirma que se trata de mera motiva\u00e7\u00e3o pol\u00edtica.<\/p>\n\n\n\n<p>O procedimento est\u00e1 sob an\u00e1lise da 6\u00aa Promotoria de Justi\u00e7a de Ara\u00e7atuba, que decidir\u00e1 pelo arquivamento do caso ou solicitar novas dilig\u00eancias a fim de esclarecer pontos obscuros na den\u00fancia.<\/p>\n","protected":false},"excerpt":{"rendered":"<p>O vereador de Ara\u00e7atuba (SP) Jo\u00e3o Pedro Pugina (PL) est\u00e1 sofrendo uma den\u00fancia por parte do 2\u00ba Conselho Tutelar da cidade em raz\u00e3o de um evento com a tem\u00e1tica Setembro Amarelo, na Escola Estadual Maria do Carmo L\u00e9lis. Ele \u00e9 acusado de pr\u00e1tica religiosa durante atividade de preven\u00e7\u00e3o ao suic\u00eddio e amparo emocional de jovens. [&hellip;]<\/p>\n","protected":false},"author":2,"featured_media":22427,"comment_status":"open","ping_status":"open","sticky":false,"template":"","format":"standard","meta":[],"categories":[4],"tags":[13],"_links":{"self":[{"href":"https:\/\/dgospel.com.br\/portal\/index.php\/wp-json\/wp\/v2\/posts\/22426"}],"collection":[{"href":"https:\/\/dgospel.com.br\/portal\/index.php\/wp-json\/wp\/v2\/posts"}],"about":[{"href":"https:\/\/dgospel.com.br\/portal\/index.php\/wp-json\/wp\/v2\/types\/post"}],"author":[{"embeddable":true,"href":"https:\/\/dgospel.com.br\/portal\/index.php\/wp-json\/wp\/v2\/users\/2"}],"replies":[{"embeddable":true,"href":"https:\/\/dgospel.com.br\/portal\/index.php\/wp-json\/wp\/v2\/comments?post=22426"}],"version-history":[{"count":1,"href":"https:\/\/dgospel.com.br\/portal\/index.php\/wp-json\/wp\/v2\/posts\/22426\/revisions"}],"predecessor-version":[{"id":22428,"href":"https:\/\/dgospel.com.br\/portal\/index.php\/wp-json\/wp\/v2\/posts\/22426\/revisions\/22428"}],"wp:featuredmedia":[{"embeddable":true,"href":"https:\/\/dgospel.com.br\/portal\/index.php\/wp-json\/wp\/v2\/media\/22427"}],"wp:attachment":[{"href":"https:\/\/dgospel.com.br\/portal\/index.php\/wp-json\/wp\/v2\/media?parent=22426"}],"wp:term":[{"taxonomy":"category","embeddable":true,"href":"https:\/\/dgospel.com.br\/portal\/index.php\/wp-json\/wp\/v2\/categories?post=22426"},{"taxonomy":"post_tag","embeddable":true,"href":"https:\/\/dgospel.com.br\/portal\/index.php\/wp-json\/wp\/v2\/tags?post=22426"}],"curies":[{"name":"wp","href":"https:\/\/api.w.org\/{rel}","templated":true}]}}