{"id":22429,"date":"2025-10-09T16:25:22","date_gmt":"2025-10-09T19:25:22","guid":{"rendered":"https:\/\/dgospel.com.br\/portal\/?p=22429"},"modified":"2025-10-09T16:25:24","modified_gmt":"2025-10-09T19:25:24","slug":"lula-aumentou-impostos-27-vezes-em-3-anos-no-planalto","status":"publish","type":"post","link":"https:\/\/dgospel.com.br\/portal\/index.php\/2025\/10\/09\/lula-aumentou-impostos-27-vezes-em-3-anos-no-planalto\/","title":{"rendered":"Lula aumentou impostos 27 vezes em 3 anos no Planalto"},"content":{"rendered":"\n<p>O governo do presidente Luiz In\u00e1cio Lula da Silva (PT) adotou medidas que resultaram em aumento de impostos de diferentes setores da economia ao menos 27 vezes desde 2023, quando o petista assumiu o Planalto pela 3\u00aa vez.<\/p>\n\n\n\n<p>As iniciativas incluem altas em al\u00edquotas de importa\u00e7\u00e3o, mais taxas sobre petr\u00f3leo, eleva\u00e7\u00e3o de PIS\/Cofins e IOF. O presidente tamb\u00e9m revogou alguns benef\u00edcios fiscais que resultaram em mais impostos pagos por alguns setores. Al\u00e9m disso, mudou o sistema de vota\u00e7\u00e3o de recursos apresentados ao Carf (Conselho Administrativo de Recursos Fiscais), o que resultou em uma maior cobran\u00e7a de taxas das empresas.<\/p>\n\n\n\n<p>\u00faltima tentativa do governo para subir a arrecada\u00e7\u00e3o foi a medida provis\u00f3ria 1.303, que ficou conhecida como MP alternativa ao IOF (Imposto sobre Opera\u00e7\u00f5es Financeiras). A C\u00e2mara decidiu na 4\u00aa feira (8.out) n\u00e3o analisar esse texto, apesar dos apelos do Planalto, e o deixou caducar. Foi uma derrota para Lula e para o ministro da Fazenda, Fernando Haddad.<\/p>\n\n\n\n<p>O projeto aumentava uma s\u00e9rie de impostos, como os sobre fintechs, empresas de apostas (as bets) e alguns fundos de investimentos. Dava at\u00e9 R$ 31,4 bilh\u00f5es para o governo gastar de 2025 a 2026. Foi retirado de pauta com o apoio de 251 deputados.<\/p>\n\n\n\n<p>Os infogr\u00e1ficos acima consideram s\u00f3 impostos de grande relev\u00e2ncia e que aumentaram a arrecada\u00e7\u00e3o consistentemente por algum per\u00edodo. N\u00e3o levam em conta medidas que foram derrubadas por acordo ou aumentos muito espec\u00edficos e isolados sobre impostos de importa\u00e7\u00e3o ou exporta\u00e7\u00e3o.<\/p>\n\n\n\n<p>Fonte: <strong>Poder 360<\/strong><\/p>\n","protected":false},"excerpt":{"rendered":"<p>O governo do presidente Luiz In\u00e1cio Lula da Silva (PT) adotou medidas que resultaram em aumento de impostos de diferentes setores da economia ao menos 27 vezes desde 2023, quando o petista assumiu o Planalto pela 3\u00aa vez. As iniciativas incluem altas em al\u00edquotas de importa\u00e7\u00e3o, mais taxas sobre petr\u00f3leo, eleva\u00e7\u00e3o de PIS\/Cofins e IOF. [&hellip;]<\/p>\n","protected":false},"author":2,"featured_media":22430,"comment_status":"open","ping_status":"open","sticky":false,"template":"","format":"standard","meta":[],"categories":[12,10],"tags":[],"_links":{"self":[{"href":"https:\/\/dgospel.com.br\/portal\/index.php\/wp-json\/wp\/v2\/posts\/22429"}],"collection":[{"href":"https:\/\/dgospel.com.br\/portal\/index.php\/wp-json\/wp\/v2\/posts"}],"about":[{"href":"https:\/\/dgospel.com.br\/portal\/index.php\/wp-json\/wp\/v2\/types\/post"}],"author":[{"embeddable":true,"href":"https:\/\/dgospel.com.br\/portal\/index.php\/wp-json\/wp\/v2\/users\/2"}],"replies":[{"embeddable":true,"href":"https:\/\/dgospel.com.br\/portal\/index.php\/wp-json\/wp\/v2\/comments?post=22429"}],"version-history":[{"count":1,"href":"https:\/\/dgospel.com.br\/portal\/index.php\/wp-json\/wp\/v2\/posts\/22429\/revisions"}],"predecessor-version":[{"id":22431,"href":"https:\/\/dgospel.com.br\/portal\/index.php\/wp-json\/wp\/v2\/posts\/22429\/revisions\/22431"}],"wp:featuredmedia":[{"embeddable":true,"href":"https:\/\/dgospel.com.br\/portal\/index.php\/wp-json\/wp\/v2\/media\/22430"}],"wp:attachment":[{"href":"https:\/\/dgospel.com.br\/portal\/index.php\/wp-json\/wp\/v2\/media?parent=22429"}],"wp:term":[{"taxonomy":"category","embeddable":true,"href":"https:\/\/dgospel.com.br\/portal\/index.php\/wp-json\/wp\/v2\/categories?post=22429"},{"taxonomy":"post_tag","embeddable":true,"href":"https:\/\/dgospel.com.br\/portal\/index.php\/wp-json\/wp\/v2\/tags?post=22429"}],"curies":[{"name":"wp","href":"https:\/\/api.w.org\/{rel}","templated":true}]}}