{"id":22435,"date":"2025-10-13T10:12:44","date_gmt":"2025-10-13T13:12:44","guid":{"rendered":"https:\/\/dgospel.com.br\/portal\/?p=22435"},"modified":"2025-10-13T10:12:45","modified_gmt":"2025-10-13T13:12:45","slug":"em-israel-trump-diz-que-acordo-de-paz-e-o-fim-de-era-de-terror","status":"publish","type":"post","link":"https:\/\/dgospel.com.br\/portal\/index.php\/2025\/10\/13\/em-israel-trump-diz-que-acordo-de-paz-e-o-fim-de-era-de-terror\/","title":{"rendered":"Em Israel, Trump diz que acordo de paz \u00e9 o fim de \u201cera de terror\u201d"},"content":{"rendered":"\n<p>O presidente dos&nbsp;<a href=\"http:\/\/pleno.news\/tag\/estados-unidos\" target=\"_blank\" rel=\"noreferrer noopener\">Estados Unidos<\/a>,&nbsp;<a href=\"http:\/\/pleno.news\/tag\/donald-trump\" target=\"_blank\" rel=\"noreferrer noopener\">Donald Trump<\/a>, ressaltou no Parlamento israelense que esta segunda-feira (13), na qual ser\u00e1 assinado o fim de dois anos de guerra entre Israel e Hamas, \u00e9 um dia \u201cde profunda alegria, de grande esperan\u00e7a, de f\u00e9 renovada\u201d, que marca n\u00e3o s\u00f3 o fim de um conflito, mas o de \u201cuma era de terror e morte\u201d.<\/p>\n\n\n\n<p>\u2013 N\u00f3s nos reunimos em um dia de profunda alegria, de grande esperan\u00e7a, de f\u00e9 renovada \u2013 disse ao in\u00edcio de seu discurso, ap\u00f3s ter se reunido pouco antes com familiares dos ref\u00e9ns israelenses.<\/p>\n\n\n\n<p>O republicano considerou que \u201cisto n\u00e3o \u00e9 apenas o fim de uma guerra, \u00e9 o fim de uma era de terror e morte e o come\u00e7o de uma era de f\u00e9, esperan\u00e7a e de Deus\u201d. O in\u00edcio, acrescentou, de \u201cuma harmonia duradoura para Israel e todas as na\u00e7\u00f5es do que em breve ser\u00e1 uma regi\u00e3o verdadeiramente magn\u00edfica\u201d.<\/p>\n\n\n\n<p>\u2013 Acredito firmemente que este \u00e9 o amanhecer hist\u00f3rico de um novo Oriente M\u00e9dio \u2013 acrescentou entre aplausos constantes, mostrando tamb\u00e9m seu \u201cprofundo agradecimento a todas as na\u00e7\u00f5es do mundo \u00e1rabe e mu\u00e7ulmano que se uniram para pressionar o Hamas a libertar os ref\u00e9ns e deix\u00e1-los ir\u201d.<\/p>\n\n\n\n<p>Para que isso fosse poss\u00edvel, ressaltou, foi recebida \u201cmuita ajuda\u201d, que foi obtida \u201cde muitas pessoas que n\u00e3o se suspeitaria\u201d.<\/p>\n\n\n\n<p>\u2013 \u00c9 um triunfo incr\u00edvel para Israel e para o mundo que todas estas na\u00e7\u00f5es estejam trabalhando juntas como parceiras pela paz. E n\u00e3o \u00e9 algo muito comum \u2013 destacou Trump, que chegou nesta segunda a Israel.<\/p>\n\n\n\n<p>Trump foi recebido no aeroporto de Tel Aviv pelo primeiro-ministro israelense, Benjamin Netanyahu; pelo presidente do pa\u00eds, Isaac Herzog; e por membros da delega\u00e7\u00e3o americana que j\u00e1 estavam em Israel, liderados por seu genro, Jared Kushner, e sua filha Ivanka.<\/p>\n\n\n\n<p>Ap\u00f3s sua reuni\u00e3o \u0441om familiares dos ref\u00e9ns e seu discurso no Parlamento, sua agenda continua na cidade litor\u00e2nea eg\u00edpcia de Sharm el-Sheikh, onde est\u00e1 prevista a chamada C\u00fapula de Paz, da qual participar\u00e3o mais de 30 pa\u00edses, com mais de 20 deles representados por seus chefes de Estado ou de governo.<\/p>\n\n\n\n<p>*EFE<\/p>\n","protected":false},"excerpt":{"rendered":"<p>O presidente dos&nbsp;Estados Unidos,&nbsp;Donald Trump, ressaltou no Parlamento israelense que esta segunda-feira (13), na qual ser\u00e1 assinado o fim de dois anos de guerra entre Israel e Hamas, \u00e9 um dia \u201cde profunda alegria, de grande esperan\u00e7a, de f\u00e9 renovada\u201d, que marca n\u00e3o s\u00f3 o fim de um conflito, mas o de \u201cuma era de [&hellip;]<\/p>\n","protected":false},"author":2,"featured_media":22436,"comment_status":"open","ping_status":"open","sticky":false,"template":"","format":"standard","meta":[],"categories":[16],"tags":[13],"_links":{"self":[{"href":"https:\/\/dgospel.com.br\/portal\/index.php\/wp-json\/wp\/v2\/posts\/22435"}],"collection":[{"href":"https:\/\/dgospel.com.br\/portal\/index.php\/wp-json\/wp\/v2\/posts"}],"about":[{"href":"https:\/\/dgospel.com.br\/portal\/index.php\/wp-json\/wp\/v2\/types\/post"}],"author":[{"embeddable":true,"href":"https:\/\/dgospel.com.br\/portal\/index.php\/wp-json\/wp\/v2\/users\/2"}],"replies":[{"embeddable":true,"href":"https:\/\/dgospel.com.br\/portal\/index.php\/wp-json\/wp\/v2\/comments?post=22435"}],"version-history":[{"count":1,"href":"https:\/\/dgospel.com.br\/portal\/index.php\/wp-json\/wp\/v2\/posts\/22435\/revisions"}],"predecessor-version":[{"id":22437,"href":"https:\/\/dgospel.com.br\/portal\/index.php\/wp-json\/wp\/v2\/posts\/22435\/revisions\/22437"}],"wp:featuredmedia":[{"embeddable":true,"href":"https:\/\/dgospel.com.br\/portal\/index.php\/wp-json\/wp\/v2\/media\/22436"}],"wp:attachment":[{"href":"https:\/\/dgospel.com.br\/portal\/index.php\/wp-json\/wp\/v2\/media?parent=22435"}],"wp:term":[{"taxonomy":"category","embeddable":true,"href":"https:\/\/dgospel.com.br\/portal\/index.php\/wp-json\/wp\/v2\/categories?post=22435"},{"taxonomy":"post_tag","embeddable":true,"href":"https:\/\/dgospel.com.br\/portal\/index.php\/wp-json\/wp\/v2\/tags?post=22435"}],"curies":[{"name":"wp","href":"https:\/\/api.w.org\/{rel}","templated":true}]}}