{"id":22444,"date":"2025-10-15T15:22:32","date_gmt":"2025-10-15T18:22:32","guid":{"rendered":"https:\/\/dgospel.com.br\/portal\/?p=22444"},"modified":"2025-10-15T15:22:33","modified_gmt":"2025-10-15T18:22:33","slug":"percepcao-de-aumento-de-impostos-bate-recorde-entre-os-nortistas","status":"publish","type":"post","link":"https:\/\/dgospel.com.br\/portal\/index.php\/2025\/10\/15\/percepcao-de-aumento-de-impostos-bate-recorde-entre-os-nortistas\/","title":{"rendered":"Percep\u00e7\u00e3o de aumento de impostos bate recorde entre os nortistas"},"content":{"rendered":"\n<p>Enquanto o governo entra em uma queda de bra\u00e7o com o Legislativo para compensar perdas bilion\u00e1rias na arrecada\u00e7\u00e3o, o brasileiro segue pessimista com rela\u00e7\u00e3o aos impostos.<\/p>\n\n\n\n<p>De acordo com a \u00faltima&nbsp;<strong>Pesquisa RADAR FEBRABAN<\/strong>, realizada no \u00faltimo m\u00eas,&nbsp;<strong>74%<\/strong>&nbsp;da popula\u00e7\u00e3o na regi\u00e3o Norte acredita que vai pagar mais imposto ainda em 2025. O resultado representa aumento de 12 pontos percentuais em rela\u00e7\u00e3o ao levantamento anterior (junho) e tamb\u00e9m recorde na s\u00e9rie hist\u00f3rica da pesquisa.<\/p>\n\n\n\n<p>O percentual daqueles que pensam que o n\u00edvel de cobran\u00e7a de impostos permanecer\u00e1 o mesmo \u00e9 de 15%, cinco pontos percentuais a menos do que a pesquisa anterior. No atual levantamento, apenas 9% disseram que os impostos v\u00e3o diminuir, enquanto 2% n\u00e3o responderam.<\/p>\n\n\n\n<p>\u201cA quest\u00e3o da mudan\u00e7a na cobran\u00e7a de impostos \u00e9 incerta nesse momento, com o notici\u00e1rio prevendo at\u00e9 mesmo aumento na al\u00edquota do IOF entre as alternativas a serem adotadas. Essa atribula\u00e7\u00e3o reflete-se no ceticismo da popula\u00e7\u00e3o demonstrado na pesquisa\u201d, aponta Marcela Montenegro, diretora t\u00e9cnica do IPESPE. &nbsp;<\/p>\n\n\n\n<p>A Pesquisa RADAR FEBRABAN \u00e9 realizada trimestralmente pelo Instituto de Pesquisas Sociais, Pol\u00edticas e Econ\u00f4micas (IPESPE) e mapeia a percep\u00e7\u00e3o e expectativa da sociedade sobre a vida, aspectos da economia e prioridades para o pa\u00eds.<\/p>\n","protected":false},"excerpt":{"rendered":"<p>Enquanto o governo entra em uma queda de bra\u00e7o com o Legislativo para compensar perdas bilion\u00e1rias na arrecada\u00e7\u00e3o, o brasileiro segue pessimista com rela\u00e7\u00e3o aos impostos. De acordo com a \u00faltima&nbsp;Pesquisa RADAR FEBRABAN, realizada no \u00faltimo m\u00eas,&nbsp;74%&nbsp;da popula\u00e7\u00e3o na regi\u00e3o Norte acredita que vai pagar mais imposto ainda em 2025. O resultado representa aumento de [&hellip;]<\/p>\n","protected":false},"author":2,"featured_media":22445,"comment_status":"open","ping_status":"open","sticky":false,"template":"","format":"standard","meta":[],"categories":[12,10],"tags":[],"_links":{"self":[{"href":"https:\/\/dgospel.com.br\/portal\/index.php\/wp-json\/wp\/v2\/posts\/22444"}],"collection":[{"href":"https:\/\/dgospel.com.br\/portal\/index.php\/wp-json\/wp\/v2\/posts"}],"about":[{"href":"https:\/\/dgospel.com.br\/portal\/index.php\/wp-json\/wp\/v2\/types\/post"}],"author":[{"embeddable":true,"href":"https:\/\/dgospel.com.br\/portal\/index.php\/wp-json\/wp\/v2\/users\/2"}],"replies":[{"embeddable":true,"href":"https:\/\/dgospel.com.br\/portal\/index.php\/wp-json\/wp\/v2\/comments?post=22444"}],"version-history":[{"count":1,"href":"https:\/\/dgospel.com.br\/portal\/index.php\/wp-json\/wp\/v2\/posts\/22444\/revisions"}],"predecessor-version":[{"id":22446,"href":"https:\/\/dgospel.com.br\/portal\/index.php\/wp-json\/wp\/v2\/posts\/22444\/revisions\/22446"}],"wp:featuredmedia":[{"embeddable":true,"href":"https:\/\/dgospel.com.br\/portal\/index.php\/wp-json\/wp\/v2\/media\/22445"}],"wp:attachment":[{"href":"https:\/\/dgospel.com.br\/portal\/index.php\/wp-json\/wp\/v2\/media?parent=22444"}],"wp:term":[{"taxonomy":"category","embeddable":true,"href":"https:\/\/dgospel.com.br\/portal\/index.php\/wp-json\/wp\/v2\/categories?post=22444"},{"taxonomy":"post_tag","embeddable":true,"href":"https:\/\/dgospel.com.br\/portal\/index.php\/wp-json\/wp\/v2\/tags?post=22444"}],"curies":[{"name":"wp","href":"https:\/\/api.w.org\/{rel}","templated":true}]}}