{"id":22447,"date":"2025-10-15T20:38:33","date_gmt":"2025-10-15T23:38:33","guid":{"rendered":"https:\/\/dgospel.com.br\/portal\/?p=22447"},"modified":"2025-10-15T20:38:34","modified_gmt":"2025-10-15T23:38:34","slug":"gipao-comemora-envio-do-pccr-da-educacao-para-a-aleto-e-reafirma-apoio-aos-profissionais-da-classe","status":"publish","type":"post","link":"https:\/\/dgospel.com.br\/portal\/index.php\/2025\/10\/15\/gipao-comemora-envio-do-pccr-da-educacao-para-a-aleto-e-reafirma-apoio-aos-profissionais-da-classe\/","title":{"rendered":"Gip\u00e3o comemora envio do PCCR da educa\u00e7\u00e3o para a Aleto e reafirma apoio aos profissionais da classe"},"content":{"rendered":"\n<p>O deputado estadual Gip\u00e3o (PL) marcou presen\u00e7a nesta quarta-feira, 15 de outubro, em um dos momentos mais aguardados pelos profissionais da educa\u00e7\u00e3o tocantinense: a assinatura do Plano de Cargos, Carreira e Remunera\u00e7\u00e3o (PCCR) da Educa\u00e7\u00e3o, realizada no Pal\u00e1cio Araguaia em Palmas.<\/p>\n\n\n\n<p>Ao lado do governador Laurez Moreira e do presidente da Assembleia Legislativa, Am\u00e9lio Cayres (Republicanos), o parlamentar assinou o documento que estabelece importantes avan\u00e7os para a valoriza\u00e7\u00e3o da categoria. A assinatura ocorreu diante de um audit\u00f3rio lotado de professores e servidores, em um clima de expectativa e reconhecimento.<\/p>\n\n\n\n<p>Com o encaminhamento do PCCR para aprecia\u00e7\u00e3o na Assembleia Legislativa do Tocantins, Gip\u00e3o destacou que acompanhar\u00e1 de perto toda a tramita\u00e7\u00e3o, atuando para que o projeto avance com agilidade e responsabilidade.<\/p>\n\n\n\n<p>\u201cOs profissionais da Educa\u00e7\u00e3o esperam h\u00e1 muito tempo por essa conquista, e podem contar com meu apoio. Estarei junto com os demais parlamentares para garantir que o PCCR seja aprovado e que os direitos da categoria sejam assegurados. A valoriza\u00e7\u00e3o da educa\u00e7\u00e3o \u00e9 prioridade\u201d, afirmou Gip\u00e3o.<\/p>\n\n\n\n<p>A postura firme e comprometida do parlamentar refor\u00e7a seu alinhamento com os anseios da classe educacional e sua disposi\u00e7\u00e3o em defender pautas que impactam diretamente o futuro do Tocantins.<\/p>\n\n\n\n<p>Al\u00e9m de Gip\u00e3o, participaram do ato o governador Laurez Moreira, o presidente da Aleto Am\u00e9lio Cayres e diversos parlamentares. O envio do PCCR \u00e0 Casa Legislativa representa um passo importante na constru\u00e7\u00e3o de uma pol\u00edtica de valoriza\u00e7\u00e3o mais s\u00f3lida para professores e demais profissionais da educa\u00e7\u00e3o estadual.<\/p>\n","protected":false},"excerpt":{"rendered":"<p>O deputado estadual Gip\u00e3o (PL) marcou presen\u00e7a nesta quarta-feira, 15 de outubro, em um dos momentos mais aguardados pelos profissionais da educa\u00e7\u00e3o tocantinense: a assinatura do Plano de Cargos, Carreira e Remunera\u00e7\u00e3o (PCCR) da Educa\u00e7\u00e3o, realizada no Pal\u00e1cio Araguaia em Palmas. Ao lado do governador Laurez Moreira e do presidente da Assembleia Legislativa, Am\u00e9lio Cayres [&hellip;]<\/p>\n","protected":false},"author":2,"featured_media":22448,"comment_status":"open","ping_status":"open","sticky":false,"template":"","format":"standard","meta":[],"categories":[8],"tags":[],"_links":{"self":[{"href":"https:\/\/dgospel.com.br\/portal\/index.php\/wp-json\/wp\/v2\/posts\/22447"}],"collection":[{"href":"https:\/\/dgospel.com.br\/portal\/index.php\/wp-json\/wp\/v2\/posts"}],"about":[{"href":"https:\/\/dgospel.com.br\/portal\/index.php\/wp-json\/wp\/v2\/types\/post"}],"author":[{"embeddable":true,"href":"https:\/\/dgospel.com.br\/portal\/index.php\/wp-json\/wp\/v2\/users\/2"}],"replies":[{"embeddable":true,"href":"https:\/\/dgospel.com.br\/portal\/index.php\/wp-json\/wp\/v2\/comments?post=22447"}],"version-history":[{"count":1,"href":"https:\/\/dgospel.com.br\/portal\/index.php\/wp-json\/wp\/v2\/posts\/22447\/revisions"}],"predecessor-version":[{"id":22449,"href":"https:\/\/dgospel.com.br\/portal\/index.php\/wp-json\/wp\/v2\/posts\/22447\/revisions\/22449"}],"wp:featuredmedia":[{"embeddable":true,"href":"https:\/\/dgospel.com.br\/portal\/index.php\/wp-json\/wp\/v2\/media\/22448"}],"wp:attachment":[{"href":"https:\/\/dgospel.com.br\/portal\/index.php\/wp-json\/wp\/v2\/media?parent=22447"}],"wp:term":[{"taxonomy":"category","embeddable":true,"href":"https:\/\/dgospel.com.br\/portal\/index.php\/wp-json\/wp\/v2\/categories?post=22447"},{"taxonomy":"post_tag","embeddable":true,"href":"https:\/\/dgospel.com.br\/portal\/index.php\/wp-json\/wp\/v2\/tags?post=22447"}],"curies":[{"name":"wp","href":"https:\/\/api.w.org\/{rel}","templated":true}]}}