{"id":22454,"date":"2025-10-22T09:00:36","date_gmt":"2025-10-22T12:00:36","guid":{"rendered":"https:\/\/dgospel.com.br\/portal\/?p=22454"},"modified":"2025-10-22T09:00:37","modified_gmt":"2025-10-22T12:00:37","slug":"deputados-aprovam-repudio-a-lula-por-ataque-ao-congresso","status":"publish","type":"post","link":"https:\/\/dgospel.com.br\/portal\/index.php\/2025\/10\/22\/deputados-aprovam-repudio-a-lula-por-ataque-ao-congresso\/","title":{"rendered":"Deputados aprovam \u201crep\u00fadio\u201d a Lula por ataque ao Congresso"},"content":{"rendered":"\n<p>Nesta ter\u00e7a-feira (21), a Comiss\u00e3o de Seguran\u00e7a P\u00fablica e Combate ao Crime Organizado da C\u00e2mara dos Deputados aprovou um requerimento de mo\u00e7\u00e3o de rep\u00fadio ao presidente Luiz In\u00e1cio Lula da Silva (PT). O motivo foi uma declara\u00e7\u00e3o dada pelo petista na semana passada, quando que o Congresso \u201cnunca teve a qualidade de baixo n\u00edvel como at\u00e9 agora\u201d.<\/p>\n\n\n\n<p><a href=\"https:\/\/pleno.news\/brasil\/politica-nacional\/critica-de-lula-ao-congresso-foi-para-extrema-direita-diz-motta.html\">Lula abordou o assunto<\/a>\u00a0durante evento pelo Dia dos Professores no Rio de Janeiro. Na ocasi\u00e3o, Lula estava ao lado do presidente da C\u00e2mara, Hugo Motta (Republicanos-PB).<\/p>\n\n\n\n<p>\u2013 O Hugo \u00e9 presidente desse Congresso. Ele sabe que esse Congresso nunca teve a qualidade de baixo n\u00edvel como at\u00e9 agora. Aquela extrema-direita que se elegeu na elei\u00e7\u00e3o passada \u00e9 o que existe de pior \u2013 disse o petista.<\/p>\n\n\n\n<p>O requerimento pela mo\u00e7\u00e3o de rep\u00fadio foi apresentado pelo deputado federal Evair Vieira de Melo (PP-ES), que considerou que as declara\u00e7\u00f5es do presidente representam \u201cagress\u00e3o inaceit\u00e1vel\u201d ao Poder Legislativo, al\u00e9m de \u201cdesrespeito \u00e0 vontade do povo que, de forma democr\u00e1tica, escolheu seus representantes\u201d.<\/p>\n","protected":false},"excerpt":{"rendered":"<p>Nesta ter\u00e7a-feira (21), a Comiss\u00e3o de Seguran\u00e7a P\u00fablica e Combate ao Crime Organizado da C\u00e2mara dos Deputados aprovou um requerimento de mo\u00e7\u00e3o de rep\u00fadio ao presidente Luiz In\u00e1cio Lula da Silva (PT). O motivo foi uma declara\u00e7\u00e3o dada pelo petista na semana passada, quando que o Congresso \u201cnunca teve a qualidade de baixo n\u00edvel como [&hellip;]<\/p>\n","protected":false},"author":2,"featured_media":22455,"comment_status":"open","ping_status":"open","sticky":false,"template":"","format":"standard","meta":[],"categories":[12,4],"tags":[],"_links":{"self":[{"href":"https:\/\/dgospel.com.br\/portal\/index.php\/wp-json\/wp\/v2\/posts\/22454"}],"collection":[{"href":"https:\/\/dgospel.com.br\/portal\/index.php\/wp-json\/wp\/v2\/posts"}],"about":[{"href":"https:\/\/dgospel.com.br\/portal\/index.php\/wp-json\/wp\/v2\/types\/post"}],"author":[{"embeddable":true,"href":"https:\/\/dgospel.com.br\/portal\/index.php\/wp-json\/wp\/v2\/users\/2"}],"replies":[{"embeddable":true,"href":"https:\/\/dgospel.com.br\/portal\/index.php\/wp-json\/wp\/v2\/comments?post=22454"}],"version-history":[{"count":1,"href":"https:\/\/dgospel.com.br\/portal\/index.php\/wp-json\/wp\/v2\/posts\/22454\/revisions"}],"predecessor-version":[{"id":22456,"href":"https:\/\/dgospel.com.br\/portal\/index.php\/wp-json\/wp\/v2\/posts\/22454\/revisions\/22456"}],"wp:featuredmedia":[{"embeddable":true,"href":"https:\/\/dgospel.com.br\/portal\/index.php\/wp-json\/wp\/v2\/media\/22455"}],"wp:attachment":[{"href":"https:\/\/dgospel.com.br\/portal\/index.php\/wp-json\/wp\/v2\/media?parent=22454"}],"wp:term":[{"taxonomy":"category","embeddable":true,"href":"https:\/\/dgospel.com.br\/portal\/index.php\/wp-json\/wp\/v2\/categories?post=22454"},{"taxonomy":"post_tag","embeddable":true,"href":"https:\/\/dgospel.com.br\/portal\/index.php\/wp-json\/wp\/v2\/tags?post=22454"}],"curies":[{"name":"wp","href":"https:\/\/api.w.org\/{rel}","templated":true}]}}