{"id":22457,"date":"2025-10-22T09:02:54","date_gmt":"2025-10-22T12:02:54","guid":{"rendered":"https:\/\/dgospel.com.br\/portal\/?p=22457"},"modified":"2025-10-22T09:02:54","modified_gmt":"2025-10-22T12:02:54","slug":"andre-valadao-assina-com-sbt-para-transmissao-do-vira-brasil","status":"publish","type":"post","link":"https:\/\/dgospel.com.br\/portal\/index.php\/2025\/10\/22\/andre-valadao-assina-com-sbt-para-transmissao-do-vira-brasil\/","title":{"rendered":"Andr\u00e9 Valad\u00e3o assina com SBT para transmiss\u00e3o do Vira Brasil"},"content":{"rendered":"\n<p>O pastor Andr\u00e9 Valad\u00e3o, da Igreja Batista da Lagoinha, esteve na sede do SBT, em S\u00e3o Paulo, quando assinou a renova\u00e7\u00e3o da parceria para o evento&nbsp;<em>Vira Brasil<\/em>, que marcar\u00e1 o R\u00e9veillon 2025\/26. A emissora seguir\u00e1 transmitindo a celebra\u00e7\u00e3o para milh\u00f5es de lares em todo o pa\u00eds.<\/p>\n\n\n\n<p>O acordo foi confirmado pela CEO do SBT, Daniela Abravanel Beyruti, que destacou o prop\u00f3sito da emissora em oferecer um conte\u00fado familiar na virada do ano.<\/p>\n\n\n\n<p>\u2013 O SBT sempre quis ter um conte\u00fado que re\u00fana a fam\u00edlia , ao vivo, para oferecer no dia 31 de dezembro. Quando o Andr\u00e9 [Valad\u00e3o] veio com essa proposta, eu falei: \u201cPor que n\u00e3o?\u201d. \u00c9 algo que demonstra f\u00e9, esperan\u00e7a, alegria, fam\u00edlia e gera s\u00f3 sentimento bom e coisas boas. Voc\u00ea oferece ao p\u00fablico um momento fam\u00edlia \u2013 disse Daniela.<\/p>\n\n\n\n<p>A CEO do SBT tamb\u00e9m lembrou o sucesso da transmiss\u00e3o da \u00faltima edi\u00e7\u00e3o, que alcan\u00e7ou mais de 11 milh\u00f5es de pessoas.<\/p>\n\n\n\n<p>\u2013 Foi uma grata surpresa, com um show espetacular, m\u00fasicas, ilumina\u00e7\u00e3o e capta\u00e7\u00e3o incr\u00edveis. Al\u00e9m de um evento crist\u00e3o, virou um programa de TV que surpreendeu \u2013 completou.<\/p>\n\n\n\n<p>Com previs\u00e3o de reunir mais de 100 mil pessoas em S\u00e3o Paulo, Belo Horizonte e Orlando, o&nbsp;<em>Vira Brasil 2025<\/em>&nbsp;promete ser a maior virada crist\u00e3 j\u00e1 realizada, segundo Andr\u00e9 Valad\u00e3o.<\/p>\n\n\n\n<p>\u2013 Nosso cora\u00e7\u00e3o pulsa de muita alegria por essa parceria, que \u00e9 fruto de uma amizade de muitos anos com o SBT. O fim de um ano e o in\u00edcio de outro \u00e9 um momento muito marcante para todos n\u00f3s. \u00c9 a oportunidade de reunirmos a fam\u00edlia, orar, pedir a b\u00ean\u00e7\u00e3o de Deus e gerar expectativas para o ano que est\u00e1 vindo. E neste ano ser\u00e1 algo sensacional e ainda maior do que foi do ano de 2024 para 2025 \u2013 disse o pastor.<\/p>\n\n\n\n<p>Organizado pela Igreja Batista da Lagoinha, o&nbsp;<em>Vira Brasil<\/em>&nbsp;contar\u00e1 com apresenta\u00e7\u00f5es musicais, momentos de ora\u00e7\u00e3o e prega\u00e7\u00e3o da Palavra de Deus.<\/p>\n","protected":false},"excerpt":{"rendered":"<p>O pastor Andr\u00e9 Valad\u00e3o, da Igreja Batista da Lagoinha, esteve na sede do SBT, em S\u00e3o Paulo, quando assinou a renova\u00e7\u00e3o da parceria para o evento&nbsp;Vira Brasil, que marcar\u00e1 o R\u00e9veillon 2025\/26. A emissora seguir\u00e1 transmitindo a celebra\u00e7\u00e3o para milh\u00f5es de lares em todo o pa\u00eds. O acordo foi confirmado pela CEO do SBT, Daniela [&hellip;]<\/p>\n","protected":false},"author":2,"featured_media":22458,"comment_status":"open","ping_status":"open","sticky":false,"template":"","format":"standard","meta":[],"categories":[12,5],"tags":[],"_links":{"self":[{"href":"https:\/\/dgospel.com.br\/portal\/index.php\/wp-json\/wp\/v2\/posts\/22457"}],"collection":[{"href":"https:\/\/dgospel.com.br\/portal\/index.php\/wp-json\/wp\/v2\/posts"}],"about":[{"href":"https:\/\/dgospel.com.br\/portal\/index.php\/wp-json\/wp\/v2\/types\/post"}],"author":[{"embeddable":true,"href":"https:\/\/dgospel.com.br\/portal\/index.php\/wp-json\/wp\/v2\/users\/2"}],"replies":[{"embeddable":true,"href":"https:\/\/dgospel.com.br\/portal\/index.php\/wp-json\/wp\/v2\/comments?post=22457"}],"version-history":[{"count":1,"href":"https:\/\/dgospel.com.br\/portal\/index.php\/wp-json\/wp\/v2\/posts\/22457\/revisions"}],"predecessor-version":[{"id":22459,"href":"https:\/\/dgospel.com.br\/portal\/index.php\/wp-json\/wp\/v2\/posts\/22457\/revisions\/22459"}],"wp:featuredmedia":[{"embeddable":true,"href":"https:\/\/dgospel.com.br\/portal\/index.php\/wp-json\/wp\/v2\/media\/22458"}],"wp:attachment":[{"href":"https:\/\/dgospel.com.br\/portal\/index.php\/wp-json\/wp\/v2\/media?parent=22457"}],"wp:term":[{"taxonomy":"category","embeddable":true,"href":"https:\/\/dgospel.com.br\/portal\/index.php\/wp-json\/wp\/v2\/categories?post=22457"},{"taxonomy":"post_tag","embeddable":true,"href":"https:\/\/dgospel.com.br\/portal\/index.php\/wp-json\/wp\/v2\/tags?post=22457"}],"curies":[{"name":"wp","href":"https:\/\/api.w.org\/{rel}","templated":true}]}}