{"id":22460,"date":"2025-10-22T09:06:20","date_gmt":"2025-10-22T12:06:20","guid":{"rendered":"https:\/\/dgospel.com.br\/portal\/?p=22460"},"modified":"2025-10-22T09:06:21","modified_gmt":"2025-10-22T12:06:21","slug":"crimes-de-odio-contra-cristaos-na-europa-sao-ignorados-denuncia-relatorio","status":"publish","type":"post","link":"https:\/\/dgospel.com.br\/portal\/index.php\/2025\/10\/22\/crimes-de-odio-contra-cristaos-na-europa-sao-ignorados-denuncia-relatorio\/","title":{"rendered":"Crimes de \u00f3dio contra crist\u00e3os na Europa s\u00e3o ignorados, denuncia relat\u00f3rio"},"content":{"rendered":"\n<p>Crimes de&nbsp;<a href=\"https:\/\/guiame.com.br\/gospel\/noticias\/cristao-cadeirante-e-assassinado-durante-transmissao-ao-vivo-na-franca.html\"><strong>\u00f3dio anticrist\u00e3o<\/strong><\/a>&nbsp;em toda a&nbsp;<a href=\"https:\/\/guiame.com.br\/gospel\/noticias\/uniao-europeia-recebe-pedido-para-combater-crimes-de-odio-contra-cristaos.html\"><strong>Europa<\/strong><\/a>&nbsp;est\u00e3o sendo ignorados e minimizados, de acordo com um novo relat\u00f3rio.<\/p>\n\n\n\n<p>O documento de 125 p\u00e1ginas, divulgado na Confer\u00eancia da Dimens\u00e3o Humana de Vars\u00f3via no in\u00edcio de outubro, relatou diversos casos de persegui\u00e7\u00e3o e&nbsp;<a href=\"https:\/\/guiame.com.br\/gospel\/noticias\/europa-registrou-quase-1000-crimes-de-odio-contra-cristaos-em-2020.html\"><strong>viol\u00eancia contra crist\u00e3os<\/strong><\/a>&nbsp;e igrejas no continente europeu.<\/p>\n\n\n\n<p>Os crime de \u00f3dio incluem picha\u00e7\u00f5es, vandalismo, ataques violentos, discrimina\u00e7\u00e3o, amea\u00e7as e at\u00e9 assassinatos.<\/p>\n\n\n\n<p>O relat\u00f3rio, feito pelo Escrit\u00f3rio de Institui\u00e7\u00f5es Democr\u00e1ticas e Direitos Humanos (ODIHR) e pela Organiza\u00e7\u00e3o para a Seguran\u00e7a e Coopera\u00e7\u00e3o na Europa (OSCE), tamb\u00e9m menciona v\u00e1rias igrejas que precisaram intensificar a seguran\u00e7a devido ao aumento de amea\u00e7as.<\/p>\n\n\n\n<p>Um fator que contribui para os crimes de \u00f3dio anticrist\u00e3os s\u00e3o as tens\u00f5es com outras religi\u00f5es, como o islamismo, segundo os especialistas.<\/p>\n\n\n\n<p>&#8220;A viol\u00eancia relacionada \u00e0 religi\u00e3o ou inspirada na religi\u00e3o tamb\u00e9m pode resultar da percep\u00e7\u00e3o do cristianismo como uma f\u00e9 rival, inferior ou advers\u00e1ria \u2013 muitas vezes enquadrada em narrativas extremistas violentas, queixas hist\u00f3ricas e tens\u00f5es geopol\u00edticas&#8221;, afirmou o relat\u00f3rio.<\/p>\n\n\n\n<p>&#8220;Por exemplo, algumas formas de ret\u00f3rica violenta &#8216;extremista&#8217; retratam os crist\u00e3os como &#8216;infi\u00e9is&#8217; e &#8216;inimigos do Isl\u00e3&#8217; que devem ser subjugados\u201d.<\/p>\n\n\n\n<p><strong>Ex-mu\u00e7ulmanos convertidos em risco<\/strong><\/p>\n\n\n\n<p>Ex-mu\u00e7ulmanos que se converteram \u00e0 f\u00e9 crist\u00e3 s\u00e3o os que mais correm risco de serem v\u00edtimas de crimes de \u00f3dio anticrist\u00e3o na Europa.<\/p>\n\n\n\n<p>O relat\u00f3rio citou o caso de um crist\u00e3o que foi esfaqueado por um mu\u00e7ulmano, em que dividia a casa, na Gr\u00e3-Bretanha, em 2023.<\/p>\n\n\n\n<p>Conforme o promotor do caso, o assassino matou o colega, gritando &#8220;Allahu Akbar&#8221;, ap\u00f3s saber que o homem deixou o Isl\u00e3 para se converter a Jesus.<\/p>\n\n\n\n<p>Os especialistas ainda observaram que as mulheres crist\u00e3s convertidas do Isl\u00e3 est\u00e3o &#8220;especialmente em risco de serem punidas por suas fam\u00edlias assim que sua nova f\u00e9 for descoberta, inclusive por meio de viol\u00eancia f\u00edsica e amea\u00e7as&#8221;.<\/p>\n\n\n\n<p><strong>Narrativas anticrist\u00e3s na esfera p\u00fablica<\/strong><\/p>\n\n\n\n<p>O relat\u00f3rio tamb\u00e9m denunciou que os crimes de \u00f3dio anticrist\u00e3os s\u00e3o frequentemente &#8220;minimizados, subnotificados ou politicamente negligenciados&#8221; pela sociedade e autoridades europeias.<\/p>\n\n\n\n<p>&#8220;O discurso e as narrativas pol\u00edticas ajudaram a perpetuar preconceitos e estere\u00f3tipos anticrist\u00e3os na esfera p\u00fablica\u201d, relatou.<\/p>\n\n\n\n<p>&#8220;Crimes de \u00f3dio anticrist\u00e3os n\u00e3o ocorrem no v\u00e1cuo, todos t\u00eam um papel a desempenhar na promo\u00e7\u00e3o de um clima de respeito e compreens\u00e3o m\u00fatuos&#8221;, defendeu.<\/p>\n\n\n\n<p>No documento, as organiza\u00e7\u00f5es pedem uma maior conscientiza\u00e7\u00e3o sobre o problema e a cria\u00e7\u00e3o de leis que protejam a comunidade crist\u00e3 europeia.<\/p>\n\n\n\n<p>O relat\u00f3rio tamb\u00e9m recomenda que medidas de seguran\u00e7a sejam tomadas durante festivais crist\u00e3os como o Natal, e que o governo promova &#8220;uma compreens\u00e3o clara e precisa das caracter\u00edsticas espec\u00edficas do preconceito anticrist\u00e3o contempor\u00e2neo, bem como das narrativas discriminat\u00f3rias comuns que impulsionam a intoler\u00e2ncia contra os crist\u00e3os&#8221;.<\/p>\n\n\n\n<p>H\u00e1 ainda uma recomenda\u00e7\u00e3o para a imprensa \u201ctransmitir informa\u00e7\u00f5es imparciais e precisas&#8221;, garantindo que as reportagens n\u00e3o &#8220;perpetuem ou reforcem o preconceito anticrist\u00e3o&#8221;.<\/p>\n","protected":false},"excerpt":{"rendered":"<p>Crimes de&nbsp;\u00f3dio anticrist\u00e3o&nbsp;em toda a&nbsp;Europa&nbsp;est\u00e3o sendo ignorados e minimizados, de acordo com um novo relat\u00f3rio. O documento de 125 p\u00e1ginas, divulgado na Confer\u00eancia da Dimens\u00e3o Humana de Vars\u00f3via no in\u00edcio de outubro, relatou diversos casos de persegui\u00e7\u00e3o e&nbsp;viol\u00eancia contra crist\u00e3os&nbsp;e igrejas no continente europeu. Os crime de \u00f3dio incluem picha\u00e7\u00f5es, vandalismo, ataques violentos, discrimina\u00e7\u00e3o, amea\u00e7as [&hellip;]<\/p>\n","protected":false},"author":2,"featured_media":22461,"comment_status":"open","ping_status":"open","sticky":false,"template":"","format":"standard","meta":[],"categories":[16],"tags":[],"_links":{"self":[{"href":"https:\/\/dgospel.com.br\/portal\/index.php\/wp-json\/wp\/v2\/posts\/22460"}],"collection":[{"href":"https:\/\/dgospel.com.br\/portal\/index.php\/wp-json\/wp\/v2\/posts"}],"about":[{"href":"https:\/\/dgospel.com.br\/portal\/index.php\/wp-json\/wp\/v2\/types\/post"}],"author":[{"embeddable":true,"href":"https:\/\/dgospel.com.br\/portal\/index.php\/wp-json\/wp\/v2\/users\/2"}],"replies":[{"embeddable":true,"href":"https:\/\/dgospel.com.br\/portal\/index.php\/wp-json\/wp\/v2\/comments?post=22460"}],"version-history":[{"count":1,"href":"https:\/\/dgospel.com.br\/portal\/index.php\/wp-json\/wp\/v2\/posts\/22460\/revisions"}],"predecessor-version":[{"id":22462,"href":"https:\/\/dgospel.com.br\/portal\/index.php\/wp-json\/wp\/v2\/posts\/22460\/revisions\/22462"}],"wp:featuredmedia":[{"embeddable":true,"href":"https:\/\/dgospel.com.br\/portal\/index.php\/wp-json\/wp\/v2\/media\/22461"}],"wp:attachment":[{"href":"https:\/\/dgospel.com.br\/portal\/index.php\/wp-json\/wp\/v2\/media?parent=22460"}],"wp:term":[{"taxonomy":"category","embeddable":true,"href":"https:\/\/dgospel.com.br\/portal\/index.php\/wp-json\/wp\/v2\/categories?post=22460"},{"taxonomy":"post_tag","embeddable":true,"href":"https:\/\/dgospel.com.br\/portal\/index.php\/wp-json\/wp\/v2\/tags?post=22460"}],"curies":[{"name":"wp","href":"https:\/\/api.w.org\/{rel}","templated":true}]}}