{"id":22466,"date":"2025-10-22T09:10:34","date_gmt":"2025-10-22T12:10:34","guid":{"rendered":"https:\/\/dgospel.com.br\/portal\/?p=22466"},"modified":"2025-10-22T09:10:35","modified_gmt":"2025-10-22T12:10:35","slug":"gastos-com-diarias-e-passagens-no-governo-lula-saltam-para-r-48-milhoes-por-dia-aponta-transparencia","status":"publish","type":"post","link":"https:\/\/dgospel.com.br\/portal\/index.php\/2025\/10\/22\/gastos-com-diarias-e-passagens-no-governo-lula-saltam-para-r-48-milhoes-por-dia-aponta-transparencia\/","title":{"rendered":"Gastos com di\u00e1rias e passagens no governo Lula saltam para R$ 4,8 milh\u00f5es por dia, aponta Transpar\u00eancia"},"content":{"rendered":"\n<p>Os desembolsos federais com\u00a0<strong>di\u00e1rias e passagens<\/strong>\u00a0mais do que quadruplicaram ao longo de 2025. Levantamento no\u00a0<strong>Portal da Transpar\u00eancia<\/strong>\u00a0indica que, ap\u00f3s m\u00e9dia di\u00e1ria pr\u00f3xima de\u00a0<strong>R$ 1 milh\u00e3o<\/strong>\u00a0nos\u00a0<strong>45 primeiros dias do ano<\/strong>\u00a0(jan\u2013fev), a despesa passou,\u00a0<strong>de mar\u00e7o a meados de outubro<\/strong>, para\u00a0<strong>mais de R$ 4,8 milh\u00f5es por dia<\/strong>. A informa\u00e7\u00e3o \u00e9 do\u00a0<a rel=\"noreferrer noopener\" href=\"https:\/\/diariodopoder.com.br\/coluna-claudio-humberto\/gastos-de-viagens-do-governo-lula-saltam-de-r1-milhao-para-r5-milhoes-por-dia\" target=\"_blank\">Di\u00e1rio do Poder<\/a>.<\/p>\n\n\n\n<p>No acumulado do ano at\u00e9 a metade de outubro, o governo federal&nbsp;<strong>gastou mais de R$ 1,4 bilh\u00e3o<\/strong>&nbsp;com deslocamentos e hospedagens de servidores e ocupantes de cargos em comiss\u00e3o.<\/p>\n\n\n\n<p>Os valores&nbsp;<strong>n\u00e3o incluem<\/strong>&nbsp;os custos com o uso de&nbsp;<strong>aeronaves da For\u00e7a A\u00e9rea Brasileira (FAB)<\/strong>&nbsp;por autoridades \u2014 entre elas o presidente Luiz In\u00e1cio Lula da Silva, a primeira-dama,&nbsp;<strong>Janja<\/strong>, e&nbsp;<strong>outros 45<\/strong>&nbsp;agentes com prerrogativa de voo oficial.<\/p>\n\n\n\n<p>A escalada das despesas ocorre em um contexto de ampla disponibilidade de&nbsp;<strong>ferramentas de videoconfer\u00eancia<\/strong>, que reduziram a necessidade de deslocamentos em diversas \u00e1reas da administra\u00e7\u00e3o p\u00fablica.<\/p>\n\n\n\n<p>Procurado por dados p\u00fablicos, o&nbsp;<strong>Portal da Transpar\u00eancia<\/strong>&nbsp;registra apenas os n\u00fameros; at\u00e9 a publica\u00e7\u00e3o deste texto n\u00e3o h\u00e1 justificativa detalhada no sistema para a varia\u00e7\u00e3o das despesas.<\/p>\n","protected":false},"excerpt":{"rendered":"<p>Os desembolsos federais com\u00a0di\u00e1rias e passagens\u00a0mais do que quadruplicaram ao longo de 2025. Levantamento no\u00a0Portal da Transpar\u00eancia\u00a0indica que, ap\u00f3s m\u00e9dia di\u00e1ria pr\u00f3xima de\u00a0R$ 1 milh\u00e3o\u00a0nos\u00a045 primeiros dias do ano\u00a0(jan\u2013fev), a despesa passou,\u00a0de mar\u00e7o a meados de outubro, para\u00a0mais de R$ 4,8 milh\u00f5es por dia. A informa\u00e7\u00e3o \u00e9 do\u00a0Di\u00e1rio do Poder. No acumulado do ano at\u00e9 [&hellip;]<\/p>\n","protected":false},"author":2,"featured_media":22467,"comment_status":"open","ping_status":"open","sticky":false,"template":"","format":"standard","meta":[],"categories":[10],"tags":[13],"_links":{"self":[{"href":"https:\/\/dgospel.com.br\/portal\/index.php\/wp-json\/wp\/v2\/posts\/22466"}],"collection":[{"href":"https:\/\/dgospel.com.br\/portal\/index.php\/wp-json\/wp\/v2\/posts"}],"about":[{"href":"https:\/\/dgospel.com.br\/portal\/index.php\/wp-json\/wp\/v2\/types\/post"}],"author":[{"embeddable":true,"href":"https:\/\/dgospel.com.br\/portal\/index.php\/wp-json\/wp\/v2\/users\/2"}],"replies":[{"embeddable":true,"href":"https:\/\/dgospel.com.br\/portal\/index.php\/wp-json\/wp\/v2\/comments?post=22466"}],"version-history":[{"count":1,"href":"https:\/\/dgospel.com.br\/portal\/index.php\/wp-json\/wp\/v2\/posts\/22466\/revisions"}],"predecessor-version":[{"id":22468,"href":"https:\/\/dgospel.com.br\/portal\/index.php\/wp-json\/wp\/v2\/posts\/22466\/revisions\/22468"}],"wp:featuredmedia":[{"embeddable":true,"href":"https:\/\/dgospel.com.br\/portal\/index.php\/wp-json\/wp\/v2\/media\/22467"}],"wp:attachment":[{"href":"https:\/\/dgospel.com.br\/portal\/index.php\/wp-json\/wp\/v2\/media?parent=22466"}],"wp:term":[{"taxonomy":"category","embeddable":true,"href":"https:\/\/dgospel.com.br\/portal\/index.php\/wp-json\/wp\/v2\/categories?post=22466"},{"taxonomy":"post_tag","embeddable":true,"href":"https:\/\/dgospel.com.br\/portal\/index.php\/wp-json\/wp\/v2\/tags?post=22466"}],"curies":[{"name":"wp","href":"https:\/\/api.w.org\/{rel}","templated":true}]}}