{"id":22469,"date":"2025-10-22T09:44:25","date_gmt":"2025-10-22T12:44:25","guid":{"rendered":"https:\/\/dgospel.com.br\/portal\/?p=22469"},"modified":"2025-10-22T09:44:26","modified_gmt":"2025-10-22T12:44:26","slug":"prefeitura-de-palmas-e-governo-do-estado-estudam-parceria-para-realizacao-do-natal-na-capital","status":"publish","type":"post","link":"https:\/\/dgospel.com.br\/portal\/index.php\/2025\/10\/22\/prefeitura-de-palmas-e-governo-do-estado-estudam-parceria-para-realizacao-do-natal-na-capital\/","title":{"rendered":"Prefeitura de Palmas e Governo do Estado estudam parceria para realiza\u00e7\u00e3o do Natal na Capital"},"content":{"rendered":"\n<p>Representantes da Prefeitura de Palmas e do Governo do Tocantins se reuniram nesta segunda-feira, 20, no Gabinete da Secretaria Municipal de Rela\u00e7\u00f5es Institucionais, para alinhar a\u00e7\u00f5es voltadas \u00e0 realiza\u00e7\u00e3o do Natal da Capital deste ano, em um esfor\u00e7o conjunto que refor\u00e7a a coopera\u00e7\u00e3o entre as esferas municipal e estadual. O objetivo \u00e9 focar na pol\u00edtica de austeridade e redu\u00e7\u00e3o de despesas, enquanto preserva a tradi\u00e7\u00e3o da festividade para fomentar o turismo e atender a popula\u00e7\u00e3o.<\/p>\n\n\n\n<p>O secret\u00e1rio municipal de Rela\u00e7\u00f5es Institucionais, S\u00e9rgio Vieira Marques (Sor\u00f3), afirma que o prefeito Eduardo Siqueira Campos tem orientado toda sua equipe na busca por parceiros que queiram dar as m\u00e3os e trabalhar por uma cidade cada vez melhor. \u201cEsse gesto do Governador Laurez Moreira \u00e9 um sinal que nos alegra, porque significa que pensamos e andamos na mesma dire\u00e7\u00e3o. \u00c9 uma rela\u00e7\u00e3o harm\u00f4nica e produtiva para contemplar quem deve ser contemplado, que \u00e9 o cidad\u00e3o palmense\u201d, disse.<\/p>\n\n\n\n<p>\u00c9 a primeira vez que as atuais gest\u00f5es estadual e municipal discutem juntos a realiza\u00e7\u00e3o da programa\u00e7\u00e3o comemorativa. Um dos pontos principais do encontro foi a possibilidade de reciclar e reaproveitar os materiais, adere\u00e7os e equipamentos em estoque, refor\u00e7ando o conceito de cidade sustent\u00e1vel.<\/p>\n\n\n\n<p>Para a presidente da Funda\u00e7\u00e3o Cultural de Palmas (FCP), Luara Aquino, \u00e9 preciso pensar a cidade como uma s\u00f3. \u201cN\u00f3s temos a regi\u00e3o central, mas tamb\u00e9m temos Buritirana, Taquaru\u00e7u, Aurenys, Taquari, cada um desses lugares tamb\u00e9m merece o nosso olhar e as atividades que vamos desenvolver s\u00e3o pensadas para atender a popula\u00e7\u00e3o de todas as regi\u00f5es. O luxo do Natal \u00e9 trazer alegria para as fam\u00edlias\u201d, declarou.<\/p>\n\n\n\n<p>O secret\u00e1rio estadual da Governadoria, Raul de Jesus Neto, afirmou que o objetivo \u00e9 unir esfor\u00e7os com a Prefeitura de Palmas para realiza\u00e7\u00e3o de uma a\u00e7\u00e3o integrada, que ir\u00e1 incentivar o com\u00e9rcio, movimentar o turismo e levar cultura e lazer para a popula\u00e7\u00e3o. \u201cJuntos podemos tra\u00e7ar alternativas vi\u00e1veis e compat\u00edveis com a realidade or\u00e7ament\u00e1ria e financeira do Governo do Estado\u201d, finalizou.<\/p>\n\n\n\n<p>Al\u00e9m das autoridades mencionadas, estiveram presentes tamb\u00e9m o secret\u00e1rio Municipal de Comunica\u00e7\u00e3o, \u00c9lcio Mendes, a secret\u00e1ria Municipal de Turismo, Juventude e Esportes, Ana Paula Setti Nogueira, a secret\u00e1ria Estadual da Cultura, Maria Val\u00e9ria Kurovski, a secret\u00e1ria-executiva Estadual de Comunica\u00e7\u00e3o, Ludimila Galv\u00e3o, o superintendente Estadual de Administra\u00e7\u00e3o e Finan\u00e7as, Diogo Lima, e a assessora jur\u00eddica Valdericia Morais.<\/p>\n","protected":false},"excerpt":{"rendered":"<p>Representantes da Prefeitura de Palmas e do Governo do Tocantins se reuniram nesta segunda-feira, 20, no Gabinete da Secretaria Municipal de Rela\u00e7\u00f5es Institucionais, para alinhar a\u00e7\u00f5es voltadas \u00e0 realiza\u00e7\u00e3o do Natal da Capital deste ano, em um esfor\u00e7o conjunto que refor\u00e7a a coopera\u00e7\u00e3o entre as esferas municipal e estadual. O objetivo \u00e9 focar na pol\u00edtica [&hellip;]<\/p>\n","protected":false},"author":2,"featured_media":22470,"comment_status":"open","ping_status":"open","sticky":false,"template":"","format":"standard","meta":[],"categories":[3],"tags":[13],"_links":{"self":[{"href":"https:\/\/dgospel.com.br\/portal\/index.php\/wp-json\/wp\/v2\/posts\/22469"}],"collection":[{"href":"https:\/\/dgospel.com.br\/portal\/index.php\/wp-json\/wp\/v2\/posts"}],"about":[{"href":"https:\/\/dgospel.com.br\/portal\/index.php\/wp-json\/wp\/v2\/types\/post"}],"author":[{"embeddable":true,"href":"https:\/\/dgospel.com.br\/portal\/index.php\/wp-json\/wp\/v2\/users\/2"}],"replies":[{"embeddable":true,"href":"https:\/\/dgospel.com.br\/portal\/index.php\/wp-json\/wp\/v2\/comments?post=22469"}],"version-history":[{"count":1,"href":"https:\/\/dgospel.com.br\/portal\/index.php\/wp-json\/wp\/v2\/posts\/22469\/revisions"}],"predecessor-version":[{"id":22471,"href":"https:\/\/dgospel.com.br\/portal\/index.php\/wp-json\/wp\/v2\/posts\/22469\/revisions\/22471"}],"wp:featuredmedia":[{"embeddable":true,"href":"https:\/\/dgospel.com.br\/portal\/index.php\/wp-json\/wp\/v2\/media\/22470"}],"wp:attachment":[{"href":"https:\/\/dgospel.com.br\/portal\/index.php\/wp-json\/wp\/v2\/media?parent=22469"}],"wp:term":[{"taxonomy":"category","embeddable":true,"href":"https:\/\/dgospel.com.br\/portal\/index.php\/wp-json\/wp\/v2\/categories?post=22469"},{"taxonomy":"post_tag","embeddable":true,"href":"https:\/\/dgospel.com.br\/portal\/index.php\/wp-json\/wp\/v2\/tags?post=22469"}],"curies":[{"name":"wp","href":"https:\/\/api.w.org\/{rel}","templated":true}]}}