{"id":2247,"date":"2019-01-08T10:50:31","date_gmt":"2019-01-08T12:50:31","guid":{"rendered":"http:\/\/dgospel.com.br\/portal\/?p=2247"},"modified":"2019-01-08T10:50:58","modified_gmt":"2019-01-08T12:50:58","slug":"mpe-faz-novo-pedido-de-cassacao-do-governador-do-mauro-carlesse-e-do-vice-wanderlei-barbosa","status":"publish","type":"post","link":"https:\/\/dgospel.com.br\/portal\/index.php\/2019\/01\/08\/mpe-faz-novo-pedido-de-cassacao-do-governador-do-mauro-carlesse-e-do-vice-wanderlei-barbosa\/","title":{"rendered":"MPE faz novo pedido de cassa\u00e7\u00e3o do governador do Mauro Carlesse e do vice, Wanderlei Barbosa"},"content":{"rendered":"<p>O Minist\u00e9rio P\u00fablico Eleitoral fez um novo pedido de cassa\u00e7\u00e3o do governador do Tocantins, Mauro Carlesse (PHS) e do vice, Wanderlei Barbosa (PHS). O procurador da rep\u00fablica \u00c1lvaro Manzano baseou o pedido no\u00a0ato que extinguiu mais de 15 mil contratos tempor\u00e1rios no dia 1\u00ba de janeiro.<\/p>\n<p data-track-category=\"Link no Texto\" data-track-links=\"\">O MP entendeu que a extin\u00e7\u00e3o dos contratos \u00e9 um ind\u00edcio de que eles nunca foram necess\u00e1rios e foram feitos apenas por quest\u00f5es eleitorais. Este \u00e9 o segundo pedido de cassa\u00e7\u00e3o apresentado contra Carlesse.\u00a0No dia 4 de dezembro o mesmo procurador pediu que o governador fosse retirado do cargo por supostas irregularidades durante a elei\u00e7\u00e3o suplementar.<\/p>\n<p data-track-category=\"Link no Texto\" data-track-links=\"\">O Governo do Tocantins disse que n\u00e3o cometeu nenhum ato para infringir as leis eleitorais e que est\u00e1 passando por uma reforma administrativa. O governador afirmou que n\u00e3o v\u00ea sentido na a\u00e7\u00e3o do MP.<\/p>\n<p data-track-category=\"Link no Texto\" data-track-links=\"\">&#8220;Essa a\u00e7\u00e3o demonstra cabalmente que as condutas abusivas praticadas pelos requeridos nas elei\u00e7\u00f5es suplementares, tais como a contrata\u00e7\u00e3o excessiva de servidores tempor\u00e1rios, foram estendidas \u00e0s elei\u00e7\u00f5es estaduais, desequilibrando o processo eleitoral a seu favor&#8221;, escreveu o procurador.<\/p>\n<p data-track-category=\"Link no Texto\" data-track-links=\"\">No documento, Manzano pede a realiza\u00e7\u00e3o de novas elei\u00e7\u00f5es no Tocantins.<\/p>\n<p data-track-category=\"Link no Texto\" data-track-links=\"\">Os dois pedidos ser\u00e3o analisados pelo Tribunal Regional Eleitoral, j\u00e1 que se tratam de supostos crimes eleitorais, no fim do recesso do poder judici\u00e1rio.<\/p>\n<p data-track-category=\"Link no Texto\" data-track-links=\"\"><em style=\"font-weight: inherit;\">Nota do governador na \u00edntegra:<\/em><\/p>\n<p data-track-category=\"Link no Texto\" data-track-links=\"\"><em style=\"font-weight: inherit;\">O Governador cumpriu estritamente as determina\u00e7\u00f5es da Justi\u00e7a Eleitoral e tamb\u00e9m do Tribunal de Contas. Portanto, n\u00e3o foi praticado nenhum ato que tenha infringido as leis eleitorais. Tanto que somente agora em Janeiro, ap\u00f3s o fim do per\u00edodo vedado pela Justi\u00e7a Eleitoral, o Governo iniciou o processo de reforma administrativa e enxugamento da m\u00e1quina com a extin\u00e7\u00e3o de cargos tempor\u00e1rios e comissionados em excesso.<\/em><\/p>\n<p data-track-category=\"Link no Texto\" data-track-links=\"\"><em style=\"font-weight: inherit;\">Por isso, o Governo n\u00e3o v\u00ea sentido nesta a\u00e7\u00e3o proposta pelo MPF e que acredita no trabalho da Justi\u00e7a<\/em><\/p>\n<p data-track-category=\"Link no Texto\" data-track-links=\"\"><em style=\"font-weight: inherit;\"> Assessoria de Imprensa<\/em><\/p>\n<p data-track-category=\"Link no Texto\" data-track-links=\"\"><em style=\"font-weight: inherit;\">Gabinete do Governador<\/em><\/p>\n<p>&nbsp;<\/p>\n<p>Fonte: G1 Tocantins<\/p>\n","protected":false},"excerpt":{"rendered":"<p>O Minist\u00e9rio P\u00fablico Eleitoral fez um novo pedido de cassa\u00e7\u00e3o do governador do Tocantins, Mauro Carlesse (PHS) e do vice, Wanderlei Barbosa (PHS). O procurador da rep\u00fablica \u00c1lvaro Manzano baseou o pedido no\u00a0ato que extinguiu mais de 15 mil contratos tempor\u00e1rios no dia 1\u00ba de janeiro. O MP entendeu que a extin\u00e7\u00e3o dos contratos \u00e9 [&hellip;]<\/p>\n","protected":false},"author":2,"featured_media":2248,"comment_status":"open","ping_status":"open","sticky":false,"template":"","format":"standard","meta":[],"categories":[2,4],"tags":[],"_links":{"self":[{"href":"https:\/\/dgospel.com.br\/portal\/index.php\/wp-json\/wp\/v2\/posts\/2247"}],"collection":[{"href":"https:\/\/dgospel.com.br\/portal\/index.php\/wp-json\/wp\/v2\/posts"}],"about":[{"href":"https:\/\/dgospel.com.br\/portal\/index.php\/wp-json\/wp\/v2\/types\/post"}],"author":[{"embeddable":true,"href":"https:\/\/dgospel.com.br\/portal\/index.php\/wp-json\/wp\/v2\/users\/2"}],"replies":[{"embeddable":true,"href":"https:\/\/dgospel.com.br\/portal\/index.php\/wp-json\/wp\/v2\/comments?post=2247"}],"version-history":[{"count":2,"href":"https:\/\/dgospel.com.br\/portal\/index.php\/wp-json\/wp\/v2\/posts\/2247\/revisions"}],"predecessor-version":[{"id":2250,"href":"https:\/\/dgospel.com.br\/portal\/index.php\/wp-json\/wp\/v2\/posts\/2247\/revisions\/2250"}],"wp:featuredmedia":[{"embeddable":true,"href":"https:\/\/dgospel.com.br\/portal\/index.php\/wp-json\/wp\/v2\/media\/2248"}],"wp:attachment":[{"href":"https:\/\/dgospel.com.br\/portal\/index.php\/wp-json\/wp\/v2\/media?parent=2247"}],"wp:term":[{"taxonomy":"category","embeddable":true,"href":"https:\/\/dgospel.com.br\/portal\/index.php\/wp-json\/wp\/v2\/categories?post=2247"},{"taxonomy":"post_tag","embeddable":true,"href":"https:\/\/dgospel.com.br\/portal\/index.php\/wp-json\/wp\/v2\/tags?post=2247"}],"curies":[{"name":"wp","href":"https:\/\/api.w.org\/{rel}","templated":true}]}}