{"id":22475,"date":"2025-10-23T17:09:33","date_gmt":"2025-10-23T20:09:33","guid":{"rendered":"https:\/\/dgospel.com.br\/portal\/?p=22475"},"modified":"2025-10-23T17:09:34","modified_gmt":"2025-10-23T20:09:34","slug":"deputado-gipao-embarca-no-voo-inaugural-da-gol-em-araguaina-e-celebra-conquista-historica-para-o-tocantins","status":"publish","type":"post","link":"https:\/\/dgospel.com.br\/portal\/index.php\/2025\/10\/23\/deputado-gipao-embarca-no-voo-inaugural-da-gol-em-araguaina-e-celebra-conquista-historica-para-o-tocantins\/","title":{"rendered":"Deputado Gip\u00e3o embarca no voo inaugural da GOL em Aragua\u00edna e celebra conquista hist\u00f3rica para o Tocantins"},"content":{"rendered":"\n<p>Depois de um longo per\u00edodo sem voos comerciais regulares, o Aeroporto de Aragua\u00edna voltou oficialmente ao mapa da avia\u00e7\u00e3o brasileira. Na madrugada desta quinta-feira (23), a GOL Linhas A\u00e9reas inaugurou sua nova rota ligando Aragua\u00edna a Palmas e, a partir da\u00ed, a Bras\u00edlia, marcando o in\u00edcio de uma nova era para o transporte a\u00e9reo e o desenvolvimento econ\u00f4mico da regi\u00e3o norte do Tocantins.<\/p>\n\n\n\n<p>O deputado estadual Gip\u00e3o (PL), um dos principais defensores dessa pauta, esteve presente e embarcou no voo inaugural, acompanhado do prefeito Wagner Rodrigues, de autoridades locais e representantes da companhia a\u00e9rea. O momento foi marcado por emo\u00e7\u00e3o e sentimento de dever cumprido.<\/p>\n\n\n\n<p>Gip\u00e3o destacou que essa conquista representa anos de trabalho, di\u00e1logo e insist\u00eancia. \u201cAcompanhei essa luta desde o in\u00edcio, ainda como presidente da C\u00e2mara de Aragua\u00edna, quando quase ningu\u00e9m acreditava que o aeroporto voltaria a operar voos comerciais. Hoje, ver esse sonho realizado \u00e9 motivo de muita alegria e gratid\u00e3o\u201d, afirmou o parlamentar.<\/p>\n\n\n\n<p>O deputado relembrou que desde 2019 vem atuando ativamente pela retomada dos voos, realizando audi\u00eancias p\u00fablicas, visitas \u00e0 Ag\u00eancia Nacional de Avia\u00e7\u00e3o Civil (Anac) e buscando apoio de institui\u00e7\u00f5es como a Aciara, OAB, Sindicato Rural e CCABA, al\u00e9m de lideran\u00e7as pol\u00edticas e empresariais.<\/p>\n\n\n\n<p>\u201cEssa \u00e9 uma vit\u00f3ria coletiva. Quando a sociedade civil, o poder p\u00fablico e as lideran\u00e7as pol\u00edticas caminham juntos, os resultados aparecem. Aragua\u00edna est\u00e1 novamente conectada ao pa\u00eds, e isso representa mais oportunidades, desenvolvimento e qualidade de vida para o nosso povo\u201d, destacou.<\/p>\n\n\n\n<p>Os voos da GOL ocorrer\u00e3o \u00e0s ter\u00e7as, quintas e s\u00e1bados, conectando Aragua\u00edna a Palmas e, de l\u00e1, a Bras\u00edlia, com acesso a mais de 30 destinos nacionais e internacionais operados pela companhia.<\/p>\n\n\n\n<p>Para Gip\u00e3o, a retomada dos voos \u00e9 um marco que simboliza o crescimento e a integra\u00e7\u00e3o do Tocantins com o restante do Brasil. \u201cEssa \u00e9 uma conquista que vai muito al\u00e9m do transporte a\u00e9reo \u2014 \u00e9 sobre desenvolvimento, inclus\u00e3o e futuro. Aragua\u00edna decola de novo, e o Tocantins tamb\u00e9m\u201d, concluiu o deputado.<\/p>\n","protected":false},"excerpt":{"rendered":"<p>Depois de um longo per\u00edodo sem voos comerciais regulares, o Aeroporto de Aragua\u00edna voltou oficialmente ao mapa da avia\u00e7\u00e3o brasileira. Na madrugada desta quinta-feira (23), a GOL Linhas A\u00e9reas inaugurou sua nova rota ligando Aragua\u00edna a Palmas e, a partir da\u00ed, a Bras\u00edlia, marcando o in\u00edcio de uma nova era para o transporte a\u00e9reo e [&hellip;]<\/p>\n","protected":false},"author":2,"featured_media":22476,"comment_status":"open","ping_status":"open","sticky":false,"template":"","format":"standard","meta":[],"categories":[8],"tags":[],"_links":{"self":[{"href":"https:\/\/dgospel.com.br\/portal\/index.php\/wp-json\/wp\/v2\/posts\/22475"}],"collection":[{"href":"https:\/\/dgospel.com.br\/portal\/index.php\/wp-json\/wp\/v2\/posts"}],"about":[{"href":"https:\/\/dgospel.com.br\/portal\/index.php\/wp-json\/wp\/v2\/types\/post"}],"author":[{"embeddable":true,"href":"https:\/\/dgospel.com.br\/portal\/index.php\/wp-json\/wp\/v2\/users\/2"}],"replies":[{"embeddable":true,"href":"https:\/\/dgospel.com.br\/portal\/index.php\/wp-json\/wp\/v2\/comments?post=22475"}],"version-history":[{"count":1,"href":"https:\/\/dgospel.com.br\/portal\/index.php\/wp-json\/wp\/v2\/posts\/22475\/revisions"}],"predecessor-version":[{"id":22477,"href":"https:\/\/dgospel.com.br\/portal\/index.php\/wp-json\/wp\/v2\/posts\/22475\/revisions\/22477"}],"wp:featuredmedia":[{"embeddable":true,"href":"https:\/\/dgospel.com.br\/portal\/index.php\/wp-json\/wp\/v2\/media\/22476"}],"wp:attachment":[{"href":"https:\/\/dgospel.com.br\/portal\/index.php\/wp-json\/wp\/v2\/media?parent=22475"}],"wp:term":[{"taxonomy":"category","embeddable":true,"href":"https:\/\/dgospel.com.br\/portal\/index.php\/wp-json\/wp\/v2\/categories?post=22475"},{"taxonomy":"post_tag","embeddable":true,"href":"https:\/\/dgospel.com.br\/portal\/index.php\/wp-json\/wp\/v2\/tags?post=22475"}],"curies":[{"name":"wp","href":"https:\/\/api.w.org\/{rel}","templated":true}]}}