{"id":22478,"date":"2025-10-27T11:31:28","date_gmt":"2025-10-27T14:31:28","guid":{"rendered":"https:\/\/dgospel.com.br\/portal\/?p=22478"},"modified":"2025-10-27T11:31:29","modified_gmt":"2025-10-27T14:31:29","slug":"camara-aprova-urgencia-para-criacao-da-bancada-crista","status":"publish","type":"post","link":"https:\/\/dgospel.com.br\/portal\/index.php\/2025\/10\/27\/camara-aprova-urgencia-para-criacao-da-bancada-crista\/","title":{"rendered":"C\u00e2mara aprova urg\u00eancia para cria\u00e7\u00e3o da Bancada Crist\u00e3"},"content":{"rendered":"\n<p>A C\u00e2mara dos Deputados aprovou nesta quarta-feira (22) o regime de urg\u00eancia para o projeto que cria a Bancada Crist\u00e3 no Parlamento. A proposta (PRC 71\/25) foi apresentada pelos deputados Gilberto Nascimento (PSD-SP) e Luiz Gast\u00e3o (PSD-CE), presidentes das frentes parlamentares evang\u00e9lica e cat\u00f3lica.<\/p>\n\n\n\n<p>O pedido de urg\u00eancia foi aprovado por 398 votos a favor e 30 contr\u00e1rios. Com isso, o texto poder\u00e1 ser votado diretamente no Plen\u00e1rio, sem passar pelas comiss\u00f5es. O projeto prev\u00ea que a nova bancada tenha coordena\u00e7\u00e3o-geral e tr\u00eas vice-coordenadorias, al\u00e9m de direito a voz e voto nas reuni\u00f5es de l\u00edderes e tempo de fala semanal de cinco minutos em Plen\u00e1rio.<\/p>\n\n\n\n<p>O deputado Luiz Gast\u00e3o justificou a cria\u00e7\u00e3o da bancada destacando que mais de 80% da popula\u00e7\u00e3o brasileira se declara crist\u00e3.<\/p>\n\n\n\n<p>\u2013 A Constitui\u00e7\u00e3o nos garante liberdade da manifesta\u00e7\u00e3o da f\u00e9 de todas as formas \u2013 disse o parlamentar.<\/p>\n\n\n\n<p>A proposta, por\u00e9m, gerou cr\u00edticas de parte da oposi\u00e7\u00e3o e o PSOL se posicionou contra. A l\u00edder do PSOL, Tal\u00edria Petrone (RJ), afirmou que o projeto fere o princ\u00edpio do Estado laico.<\/p>\n\n\n\n<p>\u2013 O espa\u00e7o pol\u00edtico n\u00e3o pode privilegiar com voz e voto no Col\u00e9gio de L\u00edderes uma f\u00e9 professada \u2013 declarou.<\/p>\n\n\n\n<p>O l\u00edder do PDT, M\u00e1rio Heringer (MG), tamb\u00e9m se posicionou contra.<\/p>\n\n\n\n<p>\u2013 Quando n\u00f3s fazemos essa escolha, estamos discriminando as outras religi\u00f5es \u2013 afirmou.<\/p>\n\n\n\n<p>J\u00e1 o deputado Otoni de Paula (MDB-RJ) defendeu a proposta e disse que a resist\u00eancia ao projeto vem do receio de fortalecimento do campo conservador.<\/p>\n\n\n\n<p>\u2013 O desespero \u00e9 porque o movimento conservador ganha for\u00e7a neste Plen\u00e1rio. Isso eles n\u00e3o querem \u2013 declarou.<\/p>\n\n\n\n<p>A proposta segue agora para vota\u00e7\u00e3o final no Plen\u00e1rio, onde poder\u00e1 ser aprovada e oficializar a cria\u00e7\u00e3o da Bancada Crist\u00e3 na C\u00e2mara dos Deputados.<\/p>\n","protected":false},"excerpt":{"rendered":"<p>A C\u00e2mara dos Deputados aprovou nesta quarta-feira (22) o regime de urg\u00eancia para o projeto que cria a Bancada Crist\u00e3 no Parlamento. A proposta (PRC 71\/25) foi apresentada pelos deputados Gilberto Nascimento (PSD-SP) e Luiz Gast\u00e3o (PSD-CE), presidentes das frentes parlamentares evang\u00e9lica e cat\u00f3lica. O pedido de urg\u00eancia foi aprovado por 398 votos a favor [&hellip;]<\/p>\n","protected":false},"author":2,"featured_media":22479,"comment_status":"open","ping_status":"open","sticky":false,"template":"","format":"standard","meta":[],"categories":[4],"tags":[13],"_links":{"self":[{"href":"https:\/\/dgospel.com.br\/portal\/index.php\/wp-json\/wp\/v2\/posts\/22478"}],"collection":[{"href":"https:\/\/dgospel.com.br\/portal\/index.php\/wp-json\/wp\/v2\/posts"}],"about":[{"href":"https:\/\/dgospel.com.br\/portal\/index.php\/wp-json\/wp\/v2\/types\/post"}],"author":[{"embeddable":true,"href":"https:\/\/dgospel.com.br\/portal\/index.php\/wp-json\/wp\/v2\/users\/2"}],"replies":[{"embeddable":true,"href":"https:\/\/dgospel.com.br\/portal\/index.php\/wp-json\/wp\/v2\/comments?post=22478"}],"version-history":[{"count":1,"href":"https:\/\/dgospel.com.br\/portal\/index.php\/wp-json\/wp\/v2\/posts\/22478\/revisions"}],"predecessor-version":[{"id":22480,"href":"https:\/\/dgospel.com.br\/portal\/index.php\/wp-json\/wp\/v2\/posts\/22478\/revisions\/22480"}],"wp:featuredmedia":[{"embeddable":true,"href":"https:\/\/dgospel.com.br\/portal\/index.php\/wp-json\/wp\/v2\/media\/22479"}],"wp:attachment":[{"href":"https:\/\/dgospel.com.br\/portal\/index.php\/wp-json\/wp\/v2\/media?parent=22478"}],"wp:term":[{"taxonomy":"category","embeddable":true,"href":"https:\/\/dgospel.com.br\/portal\/index.php\/wp-json\/wp\/v2\/categories?post=22478"},{"taxonomy":"post_tag","embeddable":true,"href":"https:\/\/dgospel.com.br\/portal\/index.php\/wp-json\/wp\/v2\/tags?post=22478"}],"curies":[{"name":"wp","href":"https:\/\/api.w.org\/{rel}","templated":true}]}}